{"id":7313,"date":"2025-12-26T06:29:11","date_gmt":"2025-12-26T09:29:11","guid":{"rendered":"https:\/\/cafecommessias.com.br\/?p=7313"},"modified":"2025-12-26T06:31:52","modified_gmt":"2025-12-26T09:31:52","slug":"integrante-de-faccao-e-suspeito-de-envolvimento-em-seis-homicidios-e-preso-em-parnamirim","status":"publish","type":"post","link":"https:\/\/cafecommessias.com.br\/?p=7313","title":{"rendered":"Integrante de fac\u00e7\u00e3o e suspeito de envolvimento em seis homic\u00eddios \u00e9 preso em Parnamirim"},"content":{"rendered":"\n<p>A For\u00e7a Integrada de Combate ao Crime Organizado do Rio Grande do Norte (FICCO\/RN) prendeu, na \u00faltima ter\u00e7a-feira (23), um integrante de organiza\u00e7\u00e3o criminosa durante o cumprimento de mandados de busca e apreens\u00e3o e de pris\u00e3o preventiva no munic\u00edpio de Parnamirim, na Grande Natal. O investigado \u00e9 apontado como respons\u00e1vel por a\u00e7\u00f5es violentas da fac\u00e7\u00e3o, al\u00e9m de atuar na gest\u00e3o financeira do grupo com ramifica\u00e7\u00f5es interestaduais.<\/p>\n\n\n\n<p>De acordo com as investiga\u00e7\u00f5es, o suspeito possui participa\u00e7\u00e3o direta em pelo menos seis homic\u00eddios, todos registrados ao longo de 2025. Durante a opera\u00e7\u00e3o, os agentes apreenderam aproximadamente R$ 16 mil em dinheiro, drogas, aparelhos celulares e um ve\u00edculo.<\/p>\n\n\n\n<p>A pris\u00e3o preventiva foi determinada pela Unidade Judici\u00e1ria de Delitos de Organiza\u00e7\u00f5es Criminosas, no \u00e2mbito da Opera\u00e7\u00e3o Treme Tudo, deflagrada pela FICCO\/RN no \u00faltimo dia 10 de dezembro. Na ocasi\u00e3o, o alvo n\u00e3o havia sido localizado, o que levou as for\u00e7as de seguran\u00e7a a manterem dilig\u00eancias cont\u00ednuas at\u00e9 identificarem o paradeiro do investigado em uma resid\u00eancia no bairro Boa Esperan\u00e7a, em Parnamirim.<\/p>\n\n\n\n<p>Al\u00e9m do mandado relacionado \u00e0 Opera\u00e7\u00e3o Treme Tudo, o preso tamb\u00e9m estava foragido da Justi\u00e7a por conta de outro mandado de pris\u00e3o preventiva expedido em processo distinto, igualmente pelo crime de organiza\u00e7\u00e3o criminosa.<\/p>\n\n\n\n<p class=\"has-text-align-center\"><strong><em>PUBLICIDADE<\/em><\/strong><\/p>\n\n\n\n<figure class=\"wp-block-image size-full\"><img loading=\"lazy\" decoding=\"async\" width=\"630\" height=\"96\" src=\"https:\/\/cafecommessias.com.br\/wp-content\/uploads\/2025\/12\/630x96-Adolescencia.png-1.webp\" alt=\"\" class=\"wp-image-6531\" srcset=\"https:\/\/cafecommessias.com.br\/wp-content\/uploads\/2025\/12\/630x96-Adolescencia.png-1.webp 630w, https:\/\/cafecommessias.com.br\/wp-content\/uploads\/2025\/12\/630x96-Adolescencia.png-1-300x46.webp 300w\" sizes=\"auto, (max-width: 630px) 100vw, 630px\" \/><\/figure>\n","protected":false},"excerpt":{"rendered":"<p>A For\u00e7a Integrada de Combate ao Crime Organizado do Rio Grande do Norte (FICCO\/RN) prendeu, na \u00faltima ter\u00e7a-feira (23), um integrante de organiza\u00e7\u00e3o criminosa durante o cumprimento de mandados de busca e apreens\u00e3o e de pris\u00e3o preventiva no munic\u00edpio de Parnamirim, na Grande Natal. O investigado \u00e9 apontado como respons\u00e1vel por a\u00e7\u00f5es violentas da fac\u00e7\u00e3o,&#8230;<\/p>\n","protected":false},"author":1,"featured_media":7314,"comment_status":"open","ping_status":"closed","sticky":false,"template":"","format":"standard","meta":{"footnotes":""},"categories":[4,23],"tags":[],"class_list":["post-7313","post","type-post","status-publish","format-standard","has-post-thumbnail","hentry","category-anuncie-aqui","category-crime"],"_links":{"self":[{"href":"https:\/\/cafecommessias.com.br\/index.php?rest_route=\/wp\/v2\/posts\/7313","targetHints":{"allow":["GET"]}}],"collection":[{"href":"https:\/\/cafecommessias.com.br\/index.php?rest_route=\/wp\/v2\/posts"}],"about":[{"href":"https:\/\/cafecommessias.com.br\/index.php?rest_route=\/wp\/v2\/types\/post"}],"author":[{"embeddable":true,"href":"https:\/\/cafecommessias.com.br\/index.php?rest_route=\/wp\/v2\/users\/1"}],"replies":[{"embeddable":true,"href":"https:\/\/cafecommessias.com.br\/index.php?rest_route=%2Fwp%2Fv2%2Fcomments&post=7313"}],"version-history":[{"count":2,"href":"https:\/\/cafecommessias.com.br\/index.php?rest_route=\/wp\/v2\/posts\/7313\/revisions"}],"predecessor-version":[{"id":7317,"href":"https:\/\/cafecommessias.com.br\/index.php?rest_route=\/wp\/v2\/posts\/7313\/revisions\/7317"}],"wp:featuredmedia":[{"embeddable":true,"href":"https:\/\/cafecommessias.com.br\/index.php?rest_route=\/wp\/v2\/media\/7314"}],"wp:attachment":[{"href":"https:\/\/cafecommessias.com.br\/index.php?rest_route=%2Fwp%2Fv2%2Fmedia&parent=7313"}],"wp:term":[{"taxonomy":"category","embeddable":true,"href":"https:\/\/cafecommessias.com.br\/index.php?rest_route=%2Fwp%2Fv2%2Fcategories&post=7313"},{"taxonomy":"post_tag","embeddable":true,"href":"https:\/\/cafecommessias.com.br\/index.php?rest_route=%2Fwp%2Fv2%2Ftags&post=7313"}],"curies":[{"name":"wp","href":"https:\/\/api.w.org\/{rel}","templated":true}]}}