{"id":7334,"date":"2025-12-26T13:03:24","date_gmt":"2025-12-26T16:03:24","guid":{"rendered":"https:\/\/cafecommessias.com.br\/?p=7334"},"modified":"2025-12-26T13:03:48","modified_gmt":"2025-12-26T16:03:48","slug":"tst-impoe-operacao-minima-e-exige-80-dos-correios-ativos-durante-greve-nacional","status":"publish","type":"post","link":"https:\/\/cafecommessias.com.br\/?p=7334","title":{"rendered":"TST imp\u00f5e opera\u00e7\u00e3o m\u00ednima e exige 80% dos Correios ativos durante greve nacional"},"content":{"rendered":"\n<p>O presidente do Tribunal Superior do Trabalho (TST), ministro Luiz Philippe Vieira de Mello Filho, determinou, em decis\u00e3o liminar, que os Correios mantenham ao menos 80% do efetivo em funcionamento em todo o pa\u00eds durante a greve nacional da categoria, iniciada por tempo indeterminado. O descumprimento da ordem pode gerar multa di\u00e1ria de R$ 100 mil.<\/p>\n\n\n\n<p>A paralisa\u00e7\u00e3o teve in\u00edcio em 16 de dezembro e foi intensificada na noite do dia 23, ap\u00f3s a maioria dos sindicatos rejeitar a proposta do Acordo Coletivo de Trabalho (ACT) 2025\/2026, negociada em media\u00e7\u00e3o conduzida pela vice-presid\u00eancia do pr\u00f3prio TST. A decis\u00e3o foi tomada no \u00e2mbito de diss\u00eddio coletivo ajuizado pela Empresa Brasileira de Correios e Tel\u00e9grafos (ECT).<\/p>\n\n\n\n<p>Ao analisar o pedido, o ministro destacou o car\u00e1ter essencial do servi\u00e7o postal, prestado em regime de exclusividade, e alertou para os impactos da greve sobre a coletividade, especialmente no per\u00edodo de fim de ano. A determina\u00e7\u00e3o prev\u00ea que o percentual m\u00ednimo seja apurado por ag\u00eancia, com exce\u00e7\u00e3o das unidades unipessoais.<\/p>\n\n\n\n<p>O despacho tamb\u00e9m obriga a ECT a fornecer dados detalhados sobre o efetivo de cada unidade, apenas para fins de fiscaliza\u00e7\u00e3o do cumprimento da liminar, respeitando as regras da Lei Geral de Prote\u00e7\u00e3o de Dados (LGPD). As entidades sindicais Fentect e Findect ter\u00e3o prazo de 24 horas para apresentar defesa, enquanto o Minist\u00e9rio P\u00fablico do Trabalho (MPT) foi formalmente intimado.<\/p>\n\n\n\n<p>O TST ainda agendou uma audi\u00eancia de concilia\u00e7\u00e3o para o dia 29 de dezembro, \u00e0s 14h, e marcou uma sess\u00e3o extraordin\u00e1ria da Se\u00e7\u00e3o Especializada em Diss\u00eddios Coletivos (SDC) para o dia 30, \u00e0s 13h30, quando o m\u00e9rito do diss\u00eddio ser\u00e1 analisado.<\/p>\n\n\n\n<p><em><sub>Por CNN<\/sub><\/em><\/p>\n\n\n\n<p><\/p>\n","protected":false},"excerpt":{"rendered":"<p>O presidente do Tribunal Superior do Trabalho (TST), ministro Luiz Philippe Vieira de Mello Filho, determinou, em decis\u00e3o liminar, que os Correios mantenham ao menos 80% do efetivo em funcionamento em todo o pa\u00eds durante a greve nacional da categoria, iniciada por tempo indeterminado. O descumprimento da ordem pode gerar multa di\u00e1ria de R$ 100&#8230;<\/p>\n","protected":false},"author":1,"featured_media":7335,"comment_status":"open","ping_status":"closed","sticky":false,"template":"","format":"standard","meta":{"footnotes":""},"categories":[3],"tags":[],"class_list":["post-7334","post","type-post","status-publish","format-standard","has-post-thumbnail","hentry","category-geral"],"_links":{"self":[{"href":"https:\/\/cafecommessias.com.br\/index.php?rest_route=\/wp\/v2\/posts\/7334","targetHints":{"allow":["GET"]}}],"collection":[{"href":"https:\/\/cafecommessias.com.br\/index.php?rest_route=\/wp\/v2\/posts"}],"about":[{"href":"https:\/\/cafecommessias.com.br\/index.php?rest_route=\/wp\/v2\/types\/post"}],"author":[{"embeddable":true,"href":"https:\/\/cafecommessias.com.br\/index.php?rest_route=\/wp\/v2\/users\/1"}],"replies":[{"embeddable":true,"href":"https:\/\/cafecommessias.com.br\/index.php?rest_route=%2Fwp%2Fv2%2Fcomments&post=7334"}],"version-history":[{"count":1,"href":"https:\/\/cafecommessias.com.br\/index.php?rest_route=\/wp\/v2\/posts\/7334\/revisions"}],"predecessor-version":[{"id":7336,"href":"https:\/\/cafecommessias.com.br\/index.php?rest_route=\/wp\/v2\/posts\/7334\/revisions\/7336"}],"wp:featuredmedia":[{"embeddable":true,"href":"https:\/\/cafecommessias.com.br\/index.php?rest_route=\/wp\/v2\/media\/7335"}],"wp:attachment":[{"href":"https:\/\/cafecommessias.com.br\/index.php?rest_route=%2Fwp%2Fv2%2Fmedia&parent=7334"}],"wp:term":[{"taxonomy":"category","embeddable":true,"href":"https:\/\/cafecommessias.com.br\/index.php?rest_route=%2Fwp%2Fv2%2Fcategories&post=7334"},{"taxonomy":"post_tag","embeddable":true,"href":"https:\/\/cafecommessias.com.br\/index.php?rest_route=%2Fwp%2Fv2%2Ftags&post=7334"}],"curies":[{"name":"wp","href":"https:\/\/api.w.org\/{rel}","templated":true}]}}