{"id":7337,"date":"2025-12-26T21:15:51","date_gmt":"2025-12-27T00:15:51","guid":{"rendered":"https:\/\/cafecommessias.com.br\/?p=7337"},"modified":"2025-12-26T21:16:09","modified_gmt":"2025-12-27T00:16:09","slug":"escoltado-e-encapuzado-silvinei-vasques-e-entregue-as-autoridades-brasileiras","status":"publish","type":"post","link":"https:\/\/cafecommessias.com.br\/?p=7337","title":{"rendered":"Escoltado e encapuzado, Silvinei Vasques \u00e9 entregue \u00e0s autoridades brasileiras"},"content":{"rendered":"\n<p>O ex-diretor-geral da Pol\u00edcia Rodovi\u00e1ria Federal, Silvinei Vasques, foi entregue \u00e0s autoridades brasileiras na noite desta sexta-feira (26), ap\u00f3s ser preso no Paraguai. A informa\u00e7\u00e3o foi confirmada por autoridades paraguaias \u00e0 CNN Brasil. Ele foi escoltado em um comboio de viaturas at\u00e9 a fronteira de Ciudad del Este e cruzou para Foz do Igua\u00e7u encapuzado.<\/p>\n\n\n\n<p>Silvinei foi detido no Aeroporto Internacional Silvio Pettirossi, em Assun\u00e7\u00e3o, quando tentava embarcar para El Salvador em um voo da Copa Airlines, com escala no Panam\u00e1. Segundo a apura\u00e7\u00e3o, ele saiu de Santa Catarina, onde mora, e viajou de carro at\u00e9 o Paraguai.<\/p>\n\n\n\n<p>De acordo com Carlos Dur\u00e9, chefe do Comando Tripartite \u2014 \u00f3rg\u00e3o de coopera\u00e7\u00e3o policial entre Brasil, Argentina e Paraguai \u2014, Silvinei tentou usar a identidade de um cidad\u00e3o paraguaio que teve o documento extraviado. No momento da abordagem, ele apresentou um atestado m\u00e9dico de uma cl\u00ednica brasileira, que afirmava que ele tem c\u00e2ncer \u201cmuito avan\u00e7ado\u201d e n\u00e3o poderia se comunicar oralmente. O documento est\u00e1 sob investiga\u00e7\u00e3o.<\/p>\n\n\n\n<p>Silvinei Vasques foi condenado a 24 anos e seis meses de pris\u00e3o por participa\u00e7\u00e3o em tentativa de golpe de Estado, mas ainda cabe recurso, motivo pelo qual ele aguardava o processo em liberdade. Procurada, a defesa informou que ainda est\u00e1 levantando informa\u00e7\u00f5es e preferiu n\u00e3o se manifestar.<\/p>\n","protected":false},"excerpt":{"rendered":"<p>O ex-diretor-geral da Pol\u00edcia Rodovi\u00e1ria Federal, Silvinei Vasques, foi entregue \u00e0s autoridades brasileiras na noite desta sexta-feira (26), ap\u00f3s ser preso no Paraguai. A informa\u00e7\u00e3o foi confirmada por autoridades paraguaias \u00e0 CNN Brasil. Ele foi escoltado em um comboio de viaturas at\u00e9 a fronteira de Ciudad del Este e cruzou para Foz do Igua\u00e7u encapuzado&#8230;.<\/p>\n","protected":false},"author":1,"featured_media":7338,"comment_status":"open","ping_status":"closed","sticky":false,"template":"","format":"standard","meta":{"footnotes":""},"categories":[3],"tags":[],"class_list":["post-7337","post","type-post","status-publish","format-standard","has-post-thumbnail","hentry","category-geral"],"_links":{"self":[{"href":"https:\/\/cafecommessias.com.br\/index.php?rest_route=\/wp\/v2\/posts\/7337","targetHints":{"allow":["GET"]}}],"collection":[{"href":"https:\/\/cafecommessias.com.br\/index.php?rest_route=\/wp\/v2\/posts"}],"about":[{"href":"https:\/\/cafecommessias.com.br\/index.php?rest_route=\/wp\/v2\/types\/post"}],"author":[{"embeddable":true,"href":"https:\/\/cafecommessias.com.br\/index.php?rest_route=\/wp\/v2\/users\/1"}],"replies":[{"embeddable":true,"href":"https:\/\/cafecommessias.com.br\/index.php?rest_route=%2Fwp%2Fv2%2Fcomments&post=7337"}],"version-history":[{"count":1,"href":"https:\/\/cafecommessias.com.br\/index.php?rest_route=\/wp\/v2\/posts\/7337\/revisions"}],"predecessor-version":[{"id":7339,"href":"https:\/\/cafecommessias.com.br\/index.php?rest_route=\/wp\/v2\/posts\/7337\/revisions\/7339"}],"wp:featuredmedia":[{"embeddable":true,"href":"https:\/\/cafecommessias.com.br\/index.php?rest_route=\/wp\/v2\/media\/7338"}],"wp:attachment":[{"href":"https:\/\/cafecommessias.com.br\/index.php?rest_route=%2Fwp%2Fv2%2Fmedia&parent=7337"}],"wp:term":[{"taxonomy":"category","embeddable":true,"href":"https:\/\/cafecommessias.com.br\/index.php?rest_route=%2Fwp%2Fv2%2Fcategories&post=7337"},{"taxonomy":"post_tag","embeddable":true,"href":"https:\/\/cafecommessias.com.br\/index.php?rest_route=%2Fwp%2Fv2%2Ftags&post=7337"}],"curies":[{"name":"wp","href":"https:\/\/api.w.org\/{rel}","templated":true}]}}