{"id":7362,"date":"2025-12-27T07:06:39","date_gmt":"2025-12-27T10:06:39","guid":{"rendered":"https:\/\/cafecommessias.com.br\/?p=7362"},"modified":"2025-12-27T07:06:55","modified_gmt":"2025-12-27T10:06:55","slug":"novo-tomografo-chega-ao-hospital-walfredo-gurgel-apos-sucessivas-quebras-de-equipamento-antigo","status":"publish","type":"post","link":"https:\/\/cafecommessias.com.br\/?p=7362","title":{"rendered":"Novo tom\u00f3grafo chega ao Hospital Walfredo Gurgel ap\u00f3s sucessivas quebras de equipamento antigo"},"content":{"rendered":"\n<p>O Hospital Monsenhor Walfredo Gurgel recebeu, na tarde desta sexta-feira, 26, um&nbsp;<strong>novo tom\u00f3grafo<\/strong>&nbsp;para refor\u00e7ar o centro de imagens da unidade.<\/p>\n\n\n\n<p>O equipamento foi&nbsp;<strong>alugado pelo Governo do Rio Grande do Norte<\/strong>&nbsp;como medida emergencial ap\u00f3s uma sequ\u00eancia de falhas nos aparelhos antigos e faz parte de um plano mais amplo de renova\u00e7\u00e3o da estrutura anunciado pela Secretaria de Estado da Sa\u00fade P\u00fablica (Sesap).<\/p>\n\n\n\n<p>O novo tom\u00f3grafo&nbsp;<strong>substitui um dos dois equipamentos anteriores<\/strong>, com 9 e 15 anos de uso, que vinham apresentando quebras recorrentes. A sala onde o aparelho foi instalado passou por&nbsp;<strong>reforma estrutural e manuten\u00e7\u00e3o el\u00e9trica<\/strong>, sob coordena\u00e7\u00e3o da Sesap.<\/p>\n\n\n\n<p>A chegada do equipamento foi acompanhada pelo secret\u00e1rio estadual de Sa\u00fade,&nbsp;<strong>Alexandre Motta<\/strong>, que afirmou que a medida garante a continuidade do atendimento na principal unidade de urg\u00eancia do estado.<\/p>\n\n\n\n<p><em><sub>Por Agora RN<\/sub><\/em><\/p>\n","protected":false},"excerpt":{"rendered":"<p>O Hospital Monsenhor Walfredo Gurgel recebeu, na tarde desta sexta-feira, 26, um&nbsp;novo tom\u00f3grafo&nbsp;para refor\u00e7ar o centro de imagens da unidade. O equipamento foi&nbsp;alugado pelo Governo do Rio Grande do Norte&nbsp;como medida emergencial ap\u00f3s uma sequ\u00eancia de falhas nos aparelhos antigos e faz parte de um plano mais amplo de renova\u00e7\u00e3o da estrutura anunciado pela Secretaria&#8230;<\/p>\n","protected":false},"author":1,"featured_media":7363,"comment_status":"open","ping_status":"closed","sticky":false,"template":"","format":"standard","meta":{"footnotes":""},"categories":[3],"tags":[],"class_list":["post-7362","post","type-post","status-publish","format-standard","has-post-thumbnail","hentry","category-geral"],"_links":{"self":[{"href":"https:\/\/cafecommessias.com.br\/index.php?rest_route=\/wp\/v2\/posts\/7362","targetHints":{"allow":["GET"]}}],"collection":[{"href":"https:\/\/cafecommessias.com.br\/index.php?rest_route=\/wp\/v2\/posts"}],"about":[{"href":"https:\/\/cafecommessias.com.br\/index.php?rest_route=\/wp\/v2\/types\/post"}],"author":[{"embeddable":true,"href":"https:\/\/cafecommessias.com.br\/index.php?rest_route=\/wp\/v2\/users\/1"}],"replies":[{"embeddable":true,"href":"https:\/\/cafecommessias.com.br\/index.php?rest_route=%2Fwp%2Fv2%2Fcomments&post=7362"}],"version-history":[{"count":1,"href":"https:\/\/cafecommessias.com.br\/index.php?rest_route=\/wp\/v2\/posts\/7362\/revisions"}],"predecessor-version":[{"id":7364,"href":"https:\/\/cafecommessias.com.br\/index.php?rest_route=\/wp\/v2\/posts\/7362\/revisions\/7364"}],"wp:featuredmedia":[{"embeddable":true,"href":"https:\/\/cafecommessias.com.br\/index.php?rest_route=\/wp\/v2\/media\/7363"}],"wp:attachment":[{"href":"https:\/\/cafecommessias.com.br\/index.php?rest_route=%2Fwp%2Fv2%2Fmedia&parent=7362"}],"wp:term":[{"taxonomy":"category","embeddable":true,"href":"https:\/\/cafecommessias.com.br\/index.php?rest_route=%2Fwp%2Fv2%2Fcategories&post=7362"},{"taxonomy":"post_tag","embeddable":true,"href":"https:\/\/cafecommessias.com.br\/index.php?rest_route=%2Fwp%2Fv2%2Ftags&post=7362"}],"curies":[{"name":"wp","href":"https:\/\/api.w.org\/{rel}","templated":true}]}}