{"id":7368,"date":"2025-12-27T07:25:27","date_gmt":"2025-12-27T10:25:27","guid":{"rendered":"https:\/\/cafecommessias.com.br\/?p=7368"},"modified":"2025-12-27T07:25:42","modified_gmt":"2025-12-27T10:25:42","slug":"presidente-do-uniao-brasil-jose-agripino-nao-concedera-carta-de-anuencia-partidaria-a-nenhum-mandatario-no-rn","status":"publish","type":"post","link":"https:\/\/cafecommessias.com.br\/?p=7368","title":{"rendered":"Presidente do Uni\u00e3o Brasil, Jos\u00e9 Agripino n\u00e3o conceder\u00e1 carta de anu\u00eancia partid\u00e1ria a nenhum mandat\u00e1rio no RN"},"content":{"rendered":"\n<p>O presidente do Uni\u00e3o Brasil no Rio Grande do Norte, ex-senador Jos\u00e9 Agripino, j\u00e1 comunicou aos mandat\u00e1rios do partido que manifestaram interesse em trocar de sigla que n\u00e3o conceder\u00e1 carta de anu\u00eancia (libera\u00e7\u00e3o partid\u00e1ria) a ningu\u00e9m.<\/p>\n\n\n\n<p>Algumas tentativas chegaram a ser feitas junto \u00e0 dire\u00e7\u00e3o nacional da legenda, mas o pr\u00f3prio presidente nacional foi categ\u00f3rico ao afirmar que a decis\u00e3o cabe ao partido em n\u00edvel estadual.&nbsp;<\/p>\n\n\n\n<p>O vereador de Natal e pr\u00e9-candidato a deputado estadual Robson Carvalho foi um dos que receberam negativa de Agripino. As mandat\u00e1rias e pr\u00e9-candidatas Nina Souza e Camila Ara\u00fajo tamb\u00e9m avaliam a possibilidade de mudar de partido, mas igualmente n\u00e3o contam com a libera\u00e7\u00e3o da dire\u00e7\u00e3o estadual.<\/p>\n\n\n\n<p>A decis\u00e3o n\u00e3o afeta os mandat\u00e1rios estaduais, que poder\u00e3o utilizar a janela partid\u00e1ria no pr\u00f3ximo ano para trocar de legenda sem risco de perda de mandato.<\/p>\n\n\n\n<p><em><sub>Por Blog MG\/Por Mauricio Gurgel<\/sub><\/em><\/p>\n\n\n\n<p><\/p>\n","protected":false},"excerpt":{"rendered":"<p>O presidente do Uni\u00e3o Brasil no Rio Grande do Norte, ex-senador Jos\u00e9 Agripino, j\u00e1 comunicou aos mandat\u00e1rios do partido que manifestaram interesse em trocar de sigla que n\u00e3o conceder\u00e1 carta de anu\u00eancia (libera\u00e7\u00e3o partid\u00e1ria) a ningu\u00e9m. Algumas tentativas chegaram a ser feitas junto \u00e0 dire\u00e7\u00e3o nacional da legenda, mas o pr\u00f3prio presidente nacional foi categ\u00f3rico&#8230;<\/p>\n","protected":false},"author":1,"featured_media":7369,"comment_status":"open","ping_status":"closed","sticky":false,"template":"","format":"standard","meta":{"footnotes":""},"categories":[3],"tags":[],"class_list":["post-7368","post","type-post","status-publish","format-standard","has-post-thumbnail","hentry","category-geral"],"_links":{"self":[{"href":"https:\/\/cafecommessias.com.br\/index.php?rest_route=\/wp\/v2\/posts\/7368","targetHints":{"allow":["GET"]}}],"collection":[{"href":"https:\/\/cafecommessias.com.br\/index.php?rest_route=\/wp\/v2\/posts"}],"about":[{"href":"https:\/\/cafecommessias.com.br\/index.php?rest_route=\/wp\/v2\/types\/post"}],"author":[{"embeddable":true,"href":"https:\/\/cafecommessias.com.br\/index.php?rest_route=\/wp\/v2\/users\/1"}],"replies":[{"embeddable":true,"href":"https:\/\/cafecommessias.com.br\/index.php?rest_route=%2Fwp%2Fv2%2Fcomments&post=7368"}],"version-history":[{"count":1,"href":"https:\/\/cafecommessias.com.br\/index.php?rest_route=\/wp\/v2\/posts\/7368\/revisions"}],"predecessor-version":[{"id":7370,"href":"https:\/\/cafecommessias.com.br\/index.php?rest_route=\/wp\/v2\/posts\/7368\/revisions\/7370"}],"wp:featuredmedia":[{"embeddable":true,"href":"https:\/\/cafecommessias.com.br\/index.php?rest_route=\/wp\/v2\/media\/7369"}],"wp:attachment":[{"href":"https:\/\/cafecommessias.com.br\/index.php?rest_route=%2Fwp%2Fv2%2Fmedia&parent=7368"}],"wp:term":[{"taxonomy":"category","embeddable":true,"href":"https:\/\/cafecommessias.com.br\/index.php?rest_route=%2Fwp%2Fv2%2Fcategories&post=7368"},{"taxonomy":"post_tag","embeddable":true,"href":"https:\/\/cafecommessias.com.br\/index.php?rest_route=%2Fwp%2Fv2%2Ftags&post=7368"}],"curies":[{"name":"wp","href":"https:\/\/api.w.org\/{rel}","templated":true}]}}