{"id":737,"date":"2025-07-17T12:31:57","date_gmt":"2025-07-17T15:31:57","guid":{"rendered":"http:\/\/cafecommessias.com.br\/?p=737"},"modified":"2025-07-17T12:31:57","modified_gmt":"2025-07-17T15:31:57","slug":"paulinho-veta-projeto-que-zerava-iptu-para-imoveis-atingidos-por-transbordamento-de-lagoas-e-enchentes-em-natal","status":"publish","type":"post","link":"https:\/\/cafecommessias.com.br\/?p=737","title":{"rendered":"Paulinho veta projeto que zerava IPTU para im\u00f3veis atingidos por transbordamento de lagoas e enchentes em Natal"},"content":{"rendered":"\n<p>Na justificativa do veto, o prefeito alegou que a proposta cont\u00e9m v\u00edcios de inconstitucionalidade material e formal<\/p>\n\n\n\n<p>O prefeito de Natal,\u00a0Paulinho Freire (Uni\u00e3o), vetou integralmente o Projeto de Lei n\u00ba 029\/2024, que concederia isen\u00e7\u00e3o de IPTU a im\u00f3veis atingidos por enchentes e alagamentos causados pelas chuvas e por inunda\u00e7\u00f5es provocadas pelo transbordamento de lagoas de capta\u00e7\u00e3o.<\/p>\n\n\n\n<p>De autoria da vereadora licenciada Nina Souza (Uni\u00e3o), atual secret\u00e1ria municipal de Assist\u00eancia Social, o projeto foi aprovado pela\u00a0C\u00e2mara Municipal\u00a0de forma definitiva no \u00faltimo dia 25 de junho.<\/p>\n\n\n\n<p>Pelo texto, deveriam ficar isentos de IPTU im\u00f3veis que \u201ctenham sofrido danos f\u00edsicos nas suas instala\u00e7\u00f5es el\u00e9tricas ou hidr\u00e1ulicas\u201d causadas pela invas\u00e3o das \u00e1guas de chuva ou do transbordamento de lagoas de capta\u00e7\u00e3o. Tamb\u00e9m seria preciso comprovar a propriedade do im\u00f3vel e s\u00f3 poder\u00e3o ter acesso ao benef\u00edcio donos com renda de at\u00e9 dois sal\u00e1rios m\u00ednimos.<\/p>\n\n\n\n<p>Quando apresentou o projeto, a ent\u00e3o vereadora Nina Souza registrou que a isen\u00e7\u00e3o do IPTU representa \u201cuma medida de apoio aos propriet\u00e1rios de im\u00f3veis que enfrentaram situa\u00e7\u00f5es de inunda\u00e7\u00e3o devido \u00e0s fortes chuvas na cidade\u201d.<\/p>\n\n\n\n<p>Com a decis\u00e3o de Paulinho Freire, a C\u00e2mara Municipal agora ter\u00e1 de analisar se mant\u00e9m ou derruba o veto do prefeito. Para isso, s\u00e3o necess\u00e1rios ao menos 15 votos contr\u00e1rios ao veto entre os 29 vereadores.<\/p>\n\n\n\n<h2 class=\"wp-block-heading\"><sub>Por que Paulinho vetou o projeto?<\/sub><\/h2>\n\n\n\n<p>Na justificativa do veto, o prefeito alegou que a proposta \u00e9 inconstitucional. Entre os principais argumentos, est\u00e3o a viola\u00e7\u00e3o do princ\u00edpio da isonomia tribut\u00e1ria, a aus\u00eancia de estudo de impacto or\u00e7ament\u00e1rio e a interfer\u00eancia indevida do Legislativo nas compet\u00eancias do Executivo \u2014 como a designa\u00e7\u00e3o de servidores e fixa\u00e7\u00e3o de prazos para regulamenta\u00e7\u00e3o da norma.<\/p>\n\n\n\n<p>Segundo o Executivo, a cria\u00e7\u00e3o de benef\u00edcios fiscais com base em crit\u00e9rios geogr\u00e1ficos espec\u00edficos \u2014 neste caso, im\u00f3veis situados pr\u00f3ximos a lagoas de capta\u00e7\u00e3o \u2014 exclui outras regi\u00f5es igualmente vulner\u00e1veis, ferindo o princ\u00edpio da igualdade tribut\u00e1ria. Al\u00e9m disso, a medida n\u00e3o apresentou estimativa de impacto financeiro, exig\u00eancia legal prevista pela Emenda Constitucional 95\/2016 e pela Lei de Responsabilidade Fiscal.<\/p>\n\n\n\n<p>O veto tamb\u00e9m aponta v\u00edcio de iniciativa, j\u00e1 que o projeto obriga a Prefeitura a designar um fiscal para elaborar relat\u00f3rios t\u00e9cnicos e imp\u00f5e prazo para regulamenta\u00e7\u00e3o, o que, segundo a mensagem, invade atribui\u00e7\u00f5es exclusivas do Executivo e compromete a separa\u00e7\u00e3o entre os poderes.<\/p>\n\n\n\n<p>A proposta vetada tem origem em uma demanda antiga de comunidades que convivem com enchentes recorrentes em bairros como o loteamento Jos\u00e9 Sarney, na Zona Norte.<\/p>\n\n\n\n<p><sub>por Agora RN<\/sub><\/p>\n\n\n\n<p><\/p>\n","protected":false},"excerpt":{"rendered":"<p>Na justificativa do veto, o prefeito alegou que a proposta cont\u00e9m v\u00edcios de inconstitucionalidade material e formal O prefeito de Natal,\u00a0Paulinho Freire (Uni\u00e3o), vetou integralmente o Projeto de Lei n\u00ba 029\/2024, que concederia isen\u00e7\u00e3o de IPTU a im\u00f3veis atingidos por enchentes e alagamentos causados pelas chuvas e por inunda\u00e7\u00f5es provocadas pelo transbordamento de lagoas de&#8230;<\/p>\n","protected":false},"author":1,"featured_media":738,"comment_status":"open","ping_status":"open","sticky":false,"template":"","format":"standard","meta":{"footnotes":""},"categories":[3],"tags":[],"class_list":["post-737","post","type-post","status-publish","format-standard","has-post-thumbnail","hentry","category-geral"],"_links":{"self":[{"href":"https:\/\/cafecommessias.com.br\/index.php?rest_route=\/wp\/v2\/posts\/737","targetHints":{"allow":["GET"]}}],"collection":[{"href":"https:\/\/cafecommessias.com.br\/index.php?rest_route=\/wp\/v2\/posts"}],"about":[{"href":"https:\/\/cafecommessias.com.br\/index.php?rest_route=\/wp\/v2\/types\/post"}],"author":[{"embeddable":true,"href":"https:\/\/cafecommessias.com.br\/index.php?rest_route=\/wp\/v2\/users\/1"}],"replies":[{"embeddable":true,"href":"https:\/\/cafecommessias.com.br\/index.php?rest_route=%2Fwp%2Fv2%2Fcomments&post=737"}],"version-history":[{"count":1,"href":"https:\/\/cafecommessias.com.br\/index.php?rest_route=\/wp\/v2\/posts\/737\/revisions"}],"predecessor-version":[{"id":739,"href":"https:\/\/cafecommessias.com.br\/index.php?rest_route=\/wp\/v2\/posts\/737\/revisions\/739"}],"wp:featuredmedia":[{"embeddable":true,"href":"https:\/\/cafecommessias.com.br\/index.php?rest_route=\/wp\/v2\/media\/738"}],"wp:attachment":[{"href":"https:\/\/cafecommessias.com.br\/index.php?rest_route=%2Fwp%2Fv2%2Fmedia&parent=737"}],"wp:term":[{"taxonomy":"category","embeddable":true,"href":"https:\/\/cafecommessias.com.br\/index.php?rest_route=%2Fwp%2Fv2%2Fcategories&post=737"},{"taxonomy":"post_tag","embeddable":true,"href":"https:\/\/cafecommessias.com.br\/index.php?rest_route=%2Fwp%2Fv2%2Ftags&post=737"}],"curies":[{"name":"wp","href":"https:\/\/api.w.org\/{rel}","templated":true}]}}