{"id":7378,"date":"2025-12-27T12:12:44","date_gmt":"2025-12-27T15:12:44","guid":{"rendered":"https:\/\/cafecommessias.com.br\/?p=7378"},"modified":"2025-12-27T12:15:51","modified_gmt":"2025-12-27T15:15:51","slug":"natal-em-natal-segundo-dia-de-shows-reune-inclusao-grandes-atracoes-e-solidariedade","status":"publish","type":"post","link":"https:\/\/cafecommessias.com.br\/?p=7378","title":{"rendered":"NATAL EM NATAL: Segundo dia de shows re\u00fane inclus\u00e3o, grandes atra\u00e7\u00f5es e solidariedade"},"content":{"rendered":"\n<p>O segundo dia do Natal em Natal, realizado na noite de 26 de dezembro, na Nova Ponta Negra, foi marcado por grande p\u00fablico, diversidade musical, inclus\u00e3o e emo\u00e7\u00e3o. A programa\u00e7\u00e3o confirma o sucesso do evento, que vem consolidando a capital potiguar como um dos principais destinos de celebra\u00e7\u00f5es de fim de ano no pa\u00eds.<\/p>\n\n\n\n<p>Durante a programa\u00e7\u00e3o, o prefeito Paulinho Freire esteve presente acompanhado da primeira-dama, Nina Souza, e celebrou o \u00eaxito do evento. Ele destacou a proposta de unir artistas nacionais e locais, ampliando o alcance da programa\u00e7\u00e3o e atraindo p\u00fablicos diversos para curtir a festa em fam\u00edlia.<\/p>\n\n\n\n<p>\u201cTenho certeza do sucesso absoluto dessa festa em seu segundo dia. Natal merece. Aliamos, este ano, artistas nacionais aos da casa, queremos agradar todos os p\u00fablicos e esperamos todos aqui com muita alegria, para curtir com toda a fam\u00edlia. Parab\u00e9ns para Natal\u201d, afirmou.<\/p>\n\n\n\n<p>A abertura da noite ficou por conta da banda Bonde do Gragra, que deu in\u00edcio \u00e0 sequ\u00eancia de apresenta\u00e7\u00f5es. Desde as primeiras horas, o p\u00fablico j\u00e1 ocupava o espa\u00e7o, incluindo a \u00c1rea PCD, estrutura que garantiu conforto e acessibilidade para pessoas com defici\u00eancia ou mobilidade reduzida.<\/p>\n\n\n\n<p>Entre os presentes estavam Mila Santos e sua filha Elisa Santos, de 26 anos, que convive com fibromialgia. As duas chegaram cedo para acompanhar toda a programa\u00e7\u00e3o. Mila j\u00e1 havia utilizado a \u00c1rea PCD em outras grandes festas da cidade, como o Carnaval e o S\u00e3o Jo\u00e3o. Elisa ressaltou a import\u00e2ncia da iniciativa para o acesso ao lazer. \u201c\u00c9 uma forma de garantir que pessoas com algum tipo de limita\u00e7\u00e3o tamb\u00e9m possam aproveitar eventos como esse. No meu caso, n\u00e3o consigo ficar muito tempo em p\u00e9, e aqui me sinto acolhida\u201d, destacou.<\/p>\n\n\n\n<p>Outro ponto de destaque foi o Camarote Solid\u00e1rio, a\u00e7\u00e3o realizada em parceria com a Secretaria Municipal do Trabalho e Assist\u00eancia Social (Semtas), que garantiu acesso ao espa\u00e7o mediante a doa\u00e7\u00e3o de tr\u00eas latas de leite em p\u00f3, destinadas a fam\u00edlias em situa\u00e7\u00e3o de vulnerabilidade, refor\u00e7ando o papel social do Natal em Natal.<\/p>\n\n\n\n<p>A programa\u00e7\u00e3o seguiu com Soanata, que manteve o clima animado do p\u00fablico para receber o cantor Z\u00e9 Vaqueiro. Seus maiores sucessos foram acompanhados em coro, em um momento de grande intera\u00e7\u00e3o com os f\u00e3s.<\/p>\n\n\n\n<p>Mesmo com o grande n\u00famero de pessoas, a seguran\u00e7a tamb\u00e9m foi ressaltada como um dos pontos positivos da noite. Adriana Gomes, bombeira civil, participou pela primeira vez do Natal em Natal e destacou a tranquilidade da festa, sem registros de ocorr\u00eancias, evidenciando o planejamento e a organiza\u00e7\u00e3o do evento.<\/p>\n\n\n\n<p>A estrutura montada na orla da Praia de Ponta Negra tamb\u00e9m atraiu turistas. Abra\u00e3o Macedo, visitante de Macei\u00f3, contou que chegou \u00e0 cidade no mesmo dia e foi surpreendido positivamente pela programa\u00e7\u00e3o. Hospedado nas proximidades do evento, ele aproveitou a noite para conhecer a festa e celebrar o clima natalino em Natal.<\/p>\n\n\n\n<p>Encerrando a programa\u00e7\u00e3o, o cantor Dilsinho subiu ao palco e manteve o p\u00fablico animado at\u00e9 os \u00faltimos minutos. Muito aguardado, o pagodeiro foi recebido com entusiasmo e retribuiu o carinho, destacando a conex\u00e3o especial com o povo natalense.<\/p>\n\n\n\n<p>A secret\u00e1ria municipal de Cultura, Iracy Azevedo, confirmou que a programa\u00e7\u00e3o segue conforme o planejamento e com excelente receptividade do p\u00fablico. Segundo ela, os shows t\u00eam agradado diferentes perfis e refor\u00e7ado o car\u00e1ter democr\u00e1tico da festa. Iracy lembrou ainda que a agenda cultural segue at\u00e9 o dia 30 de dezembro, dentro das comemora\u00e7\u00f5es pelos 436 anos de Natal, e ser\u00e1 encerrada no dia 31 com o tradicional show da virada, reunindo artistas locais, regionais e nacionais.<\/p>\n\n\n\n<p>O segundo dia do Natal em Natal refor\u00e7a o evento como condutor de inclus\u00e3o, diversidade cultural, seguran\u00e7a e solidariedade, proporcionando momentos de lazer e emo\u00e7\u00e3o para moradores e visitantes, em uma celebra\u00e7\u00e3o pensada para toda a fam\u00edlia.<\/p>\n\n\n\n<p><strong>Programa\u00e7\u00e3o:<\/strong><\/p>\n\n\n\n<p>Orla de Ponta Negra<\/p>\n\n\n\n<p>27\/12 \u2013 S\u00e1bado<br>DJ Local<br>Circuito Musical<br>Zezo<br>Luan Estilizado<\/p>\n\n\n\n<p>28\/12 \u2013 Domingo<br>Hiago Medeiros<br>Priscila Freire<br>L\u00e9o Santana<br>Calcinha Preta<\/p>\n\n\n\n<p>29\/12 \u2013 Segunda-feira<br>DJ Local<br>Raynel Guedes<br>Nuzio Medeiros<br>Sorriso Maroto<\/p>\n\n\n\n<p>30\/12 \u2013 Ter\u00e7a-feira<br>DJ Local<br>Pedro Lucas<br>Cl\u00e1udia Leitte<br>Lim\u00e3o com Mel<\/p>\n\n\n\n<p>31\/12 \u2013 Quarta-feira<br>DJ Local<br>Giullian Monte<br>Israel Fernandes<br>Durval Lelys<br>Henry Freitas<br>Ricardo Chaves<\/p>\n\n\n\n<p>Avenida da Alegria \u2013 Redinha<\/p>\n\n\n\n<p>31\/12 \u2013 Quarta-feira<br>Banda Detroit<br>Ricardo Chaves<br>Banda Mel<\/p>\n\n\n\n<p class=\"has-text-align-center\"><strong><em>PUBLICIDADE<\/em><\/strong><\/p>\n\n\n\n<figure class=\"wp-block-image size-large\"><img decoding=\"async\" src=\"https:\/\/cafecommessias.com.br\/wp-content\/uploads\/2025\/12\/Banner-natalemnatal-1190x250px-1.gif\" alt=\"\"\/><\/figure>\n","protected":false},"excerpt":{"rendered":"<p>O segundo dia do Natal em Natal, realizado na noite de 26 de dezembro, na Nova Ponta Negra, foi marcado por grande p\u00fablico, diversidade musical, inclus\u00e3o e emo\u00e7\u00e3o. A programa\u00e7\u00e3o confirma o sucesso do evento, que vem consolidando a capital potiguar como um dos principais destinos de celebra\u00e7\u00f5es de fim de ano no pa\u00eds. Durante&#8230;<\/p>\n","protected":false},"author":1,"featured_media":7379,"comment_status":"open","ping_status":"open","sticky":false,"template":"","format":"standard","meta":{"footnotes":""},"categories":[4],"tags":[],"class_list":["post-7378","post","type-post","status-publish","format-standard","has-post-thumbnail","hentry","category-anuncie-aqui"],"_links":{"self":[{"href":"https:\/\/cafecommessias.com.br\/index.php?rest_route=\/wp\/v2\/posts\/7378","targetHints":{"allow":["GET"]}}],"collection":[{"href":"https:\/\/cafecommessias.com.br\/index.php?rest_route=\/wp\/v2\/posts"}],"about":[{"href":"https:\/\/cafecommessias.com.br\/index.php?rest_route=\/wp\/v2\/types\/post"}],"author":[{"embeddable":true,"href":"https:\/\/cafecommessias.com.br\/index.php?rest_route=\/wp\/v2\/users\/1"}],"replies":[{"embeddable":true,"href":"https:\/\/cafecommessias.com.br\/index.php?rest_route=%2Fwp%2Fv2%2Fcomments&post=7378"}],"version-history":[{"count":2,"href":"https:\/\/cafecommessias.com.br\/index.php?rest_route=\/wp\/v2\/posts\/7378\/revisions"}],"predecessor-version":[{"id":7382,"href":"https:\/\/cafecommessias.com.br\/index.php?rest_route=\/wp\/v2\/posts\/7378\/revisions\/7382"}],"wp:featuredmedia":[{"embeddable":true,"href":"https:\/\/cafecommessias.com.br\/index.php?rest_route=\/wp\/v2\/media\/7379"}],"wp:attachment":[{"href":"https:\/\/cafecommessias.com.br\/index.php?rest_route=%2Fwp%2Fv2%2Fmedia&parent=7378"}],"wp:term":[{"taxonomy":"category","embeddable":true,"href":"https:\/\/cafecommessias.com.br\/index.php?rest_route=%2Fwp%2Fv2%2Fcategories&post=7378"},{"taxonomy":"post_tag","embeddable":true,"href":"https:\/\/cafecommessias.com.br\/index.php?rest_route=%2Fwp%2Fv2%2Ftags&post=7378"}],"curies":[{"name":"wp","href":"https:\/\/api.w.org\/{rel}","templated":true}]}}