{"id":7387,"date":"2025-12-27T12:21:49","date_gmt":"2025-12-27T15:21:49","guid":{"rendered":"https:\/\/cafecommessias.com.br\/?p=7387"},"modified":"2025-12-27T12:22:05","modified_gmt":"2025-12-27T15:22:05","slug":"video-populacao-comemora-transporte-gratuito-na-volta-do-shows-do-natal-em-natal","status":"publish","type":"post","link":"https:\/\/cafecommessias.com.br\/?p=7387","title":{"rendered":"V\u00cdDEO: Popula\u00e7\u00e3o comemora transporte gratuito na volta do shows do Natal em Natal"},"content":{"rendered":"\n<figure class=\"wp-block-embed is-type-rich is-provider-twitter wp-block-embed-twitter\"><div class=\"wp-block-embed__wrapper\">\n<blockquote class=\"twitter-tweet\" data-width=\"550\" data-dnt=\"true\"><p lang=\"pt\" dir=\"ltr\">V\u00cdDEO: Popula\u00e7\u00e3o comemora transporte gratuito na volta do shows do Natal em Natal: <a href=\"https:\/\/t.co\/3vV1jrFlSc\">https:\/\/t.co\/3vV1jrFlSc<\/a> <a href=\"https:\/\/t.co\/EEateszOFO\">pic.twitter.com\/EEateszOFO<\/a><\/p>&mdash; BLOGDOBG (@BlogdoBG) <a href=\"https:\/\/twitter.com\/BlogdoBG\/status\/2004860548882841751?ref_src=twsrc%5Etfw\">December 27, 2025<\/a><\/blockquote><script async src=\"https:\/\/platform.twitter.com\/widgets.js\" charset=\"utf-8\"><\/script>\n<\/div><\/figure>\n\n\n\n<p class=\"has-text-align-center\"><strong>V\u00eddeo: Reprodu\u00e7\u00e3o Blogdobg<\/strong><\/p>\n\n\n\n<p>Quem foi aos primeiros shows do Natal em Natal j\u00e1 sentiu a diferen\u00e7a na sa\u00edda: a volta para casa est\u00e1 sendo feita de \u00f4nibus e sem pagar passagem. A medida, anunciada pela Prefeitura do Natal, foi comemorada pelo p\u00fablico, especialmente por quem depende do transporte coletivo para retornar ap\u00f3s os eventos em Ponta Negra.<\/p>\n\n\n\n<p>De acordo com a gest\u00e3o municipal, entre a quinta-feira (25) e o dia 31 de dezembro, os usu\u00e1rios contam com linhas especiais e com o refor\u00e7o do sistema Coruj\u00e3o, garantindo transporte gratuito apenas no retorno dos shows. Na ida, o passageiro paga a tarifa normal do sistema, com tarifa social de R$ 2,45 no feriado de Natal para quem utiliza o cart\u00e3o NuBus, e valor integral de R$ 4,90 entre os dias 26 e 31.<\/p>\n\n\n\n<p>Os shows, realizados entre os dias 25 e 30 de dezembro em Ponta Negra, contam com tr\u00eas linhas expressas \u2014 SE7, SE8 e SE9 \u2014 al\u00e9m das linhas Coruj\u00e3o N-73 e Coruj\u00e3o E. A opera\u00e7\u00e3o atende todas as regi\u00f5es da cidade, com destaque para a Zona Norte, garantindo deslocamento r\u00e1pido e seguro ap\u00f3s o encerramento das apresenta\u00e7\u00f5es.<\/p>\n\n\n\n<p>A linha SE7 faz a liga\u00e7\u00e3o direta entre Ponta Negra e a Zona Norte, com parada tamb\u00e9m na Praia do Meio, realizando 20 paradas ao longo do percurso. J\u00e1 a SE8 atende exclusivamente bairros da Zona Norte, com 14 paradas, enquanto a SE9 percorre bairros como Ne\u00f3polis, Pitimbu e Planalto, com 11 paradas no trajeto.<\/p>\n\n\n\n<p>O embarque acontece na Avenida Engenheiro Roberto Freire, em frente ao Hotel Ponta Negra Flat. Entre os dias 26 e 30, as linhas operam a partir da 1h10, com sa\u00eddas concentradas entre 2h15 e 3h40, garantindo fluxo cont\u00ednuo de passageiros ap\u00f3s os shows.<\/p>\n\n\n\n<p>Ao todo, a opera\u00e7\u00e3o especial conta com 50 \u00f4nibus e 53 viagens por noite, ampliando a oferta de transporte e reduzindo transtornos no retorno para casa. Para o p\u00fablico, a iniciativa representa mais conforto, economia e seguran\u00e7a durante a programa\u00e7\u00e3o do Natal em Natal.<\/p>\n\n\n\n<p><em><sub>Por G1<\/sub><\/em><\/p>\n\n\n\n<p><\/p>\n","protected":false},"excerpt":{"rendered":"<p>V\u00eddeo: Reprodu\u00e7\u00e3o Blogdobg Quem foi aos primeiros shows do Natal em Natal j\u00e1 sentiu a diferen\u00e7a na sa\u00edda: a volta para casa est\u00e1 sendo feita de \u00f4nibus e sem pagar passagem. A medida, anunciada pela Prefeitura do Natal, foi comemorada pelo p\u00fablico, especialmente por quem depende do transporte coletivo para retornar ap\u00f3s os eventos em&#8230;<\/p>\n","protected":false},"author":1,"featured_media":6359,"comment_status":"open","ping_status":"closed","sticky":false,"template":"","format":"standard","meta":{"footnotes":""},"categories":[36],"tags":[],"class_list":["post-7387","post","type-post","status-publish","format-standard","has-post-thumbnail","hentry","category-natal"],"_links":{"self":[{"href":"https:\/\/cafecommessias.com.br\/index.php?rest_route=\/wp\/v2\/posts\/7387","targetHints":{"allow":["GET"]}}],"collection":[{"href":"https:\/\/cafecommessias.com.br\/index.php?rest_route=\/wp\/v2\/posts"}],"about":[{"href":"https:\/\/cafecommessias.com.br\/index.php?rest_route=\/wp\/v2\/types\/post"}],"author":[{"embeddable":true,"href":"https:\/\/cafecommessias.com.br\/index.php?rest_route=\/wp\/v2\/users\/1"}],"replies":[{"embeddable":true,"href":"https:\/\/cafecommessias.com.br\/index.php?rest_route=%2Fwp%2Fv2%2Fcomments&post=7387"}],"version-history":[{"count":1,"href":"https:\/\/cafecommessias.com.br\/index.php?rest_route=\/wp\/v2\/posts\/7387\/revisions"}],"predecessor-version":[{"id":7389,"href":"https:\/\/cafecommessias.com.br\/index.php?rest_route=\/wp\/v2\/posts\/7387\/revisions\/7389"}],"wp:featuredmedia":[{"embeddable":true,"href":"https:\/\/cafecommessias.com.br\/index.php?rest_route=\/wp\/v2\/media\/6359"}],"wp:attachment":[{"href":"https:\/\/cafecommessias.com.br\/index.php?rest_route=%2Fwp%2Fv2%2Fmedia&parent=7387"}],"wp:term":[{"taxonomy":"category","embeddable":true,"href":"https:\/\/cafecommessias.com.br\/index.php?rest_route=%2Fwp%2Fv2%2Fcategories&post=7387"},{"taxonomy":"post_tag","embeddable":true,"href":"https:\/\/cafecommessias.com.br\/index.php?rest_route=%2Fwp%2Fv2%2Ftags&post=7387"}],"curies":[{"name":"wp","href":"https:\/\/api.w.org\/{rel}","templated":true}]}}