{"id":7390,"date":"2025-12-27T12:24:11","date_gmt":"2025-12-27T15:24:11","guid":{"rendered":"https:\/\/cafecommessias.com.br\/?p=7390"},"modified":"2025-12-27T12:24:30","modified_gmt":"2025-12-27T15:24:30","slug":"onda-de-calor-coloca-mais-de-mil-municipios-em-risco-e-acende-alerta-para-a-saude","status":"publish","type":"post","link":"https:\/\/cafecommessias.com.br\/?p=7390","title":{"rendered":"Onda de calor coloca mais de mil munic\u00edpios em risco e acende alerta para a sa\u00fade"},"content":{"rendered":"\n<p>A forte onda de calor que atinge tr\u00eas regi\u00f5es do Brasil deixou mais de 1,2 mil cidades em oito estados sob alerta de grande perigo at\u00e9 a pr\u00f3xima segunda-feira (29). As temperaturas elevadas t\u00eam imposto riscos \u00e0 sa\u00fade da popula\u00e7\u00e3o, especialmente para quem trabalha ao ar livre e grupos mais vulner\u00e1veis, como idosos e pessoas com doen\u00e7as cr\u00f4nicas.<\/p>\n\n\n\n<p>A exposi\u00e7\u00e3o prolongada ao calor extremo pode provocar estresse t\u00e9rmico, desidrata\u00e7\u00e3o e, em casos mais graves, hipertermia \u2014 quando a temperatura corporal ultrapassa os 40 \u00b0C, afetando \u00f3rg\u00e3os vitais. O corpo tenta se regular por meio da transpira\u00e7\u00e3o, mas a perda excessiva de l\u00edquidos e sais minerais pode levar a tontura, fraqueza, confus\u00e3o mental e at\u00e9 desmaios.<\/p>\n\n\n\n<p>No Rio de Janeiro, a rede municipal de sa\u00fade registrou mais de 1,3 mil atendimentos em apenas tr\u00eas dias, possivelmente relacionados ao calor intenso. Entre os principais sintomas est\u00e3o tontura, fraqueza, desmaios e queimaduras solares. Em Belo Horizonte, onde os term\u00f4metros ultrapassaram os 35 \u00b0C, moradores refor\u00e7aram cuidados como hidrata\u00e7\u00e3o, uso de protetor solar e roupas leves.<\/p>\n\n\n\n<p>Especialistas alertam que qualquer sinal de mal-estar deve ser levado a s\u00e9rio. A recomenda\u00e7\u00e3o \u00e9 evitar exposi\u00e7\u00e3o direta ao sol nos hor\u00e1rios mais quentes, buscar ambientes frescos, manter hidrata\u00e7\u00e3o constante e procurar atendimento m\u00e9dico diante de sintomas persistentes, principalmente em pessoas com hipertens\u00e3o ou outras condi\u00e7\u00f5es de sa\u00fade.<\/p>\n\n\n\n<p><\/p>\n","protected":false},"excerpt":{"rendered":"<p>A forte onda de calor que atinge tr\u00eas regi\u00f5es do Brasil deixou mais de 1,2 mil cidades em oito estados sob alerta de grande perigo at\u00e9 a pr\u00f3xima segunda-feira (29). As temperaturas elevadas t\u00eam imposto riscos \u00e0 sa\u00fade da popula\u00e7\u00e3o, especialmente para quem trabalha ao ar livre e grupos mais vulner\u00e1veis, como idosos e pessoas&#8230;<\/p>\n","protected":false},"author":1,"featured_media":7391,"comment_status":"open","ping_status":"closed","sticky":false,"template":"","format":"standard","meta":{"footnotes":""},"categories":[3],"tags":[],"class_list":["post-7390","post","type-post","status-publish","format-standard","has-post-thumbnail","hentry","category-geral"],"_links":{"self":[{"href":"https:\/\/cafecommessias.com.br\/index.php?rest_route=\/wp\/v2\/posts\/7390","targetHints":{"allow":["GET"]}}],"collection":[{"href":"https:\/\/cafecommessias.com.br\/index.php?rest_route=\/wp\/v2\/posts"}],"about":[{"href":"https:\/\/cafecommessias.com.br\/index.php?rest_route=\/wp\/v2\/types\/post"}],"author":[{"embeddable":true,"href":"https:\/\/cafecommessias.com.br\/index.php?rest_route=\/wp\/v2\/users\/1"}],"replies":[{"embeddable":true,"href":"https:\/\/cafecommessias.com.br\/index.php?rest_route=%2Fwp%2Fv2%2Fcomments&post=7390"}],"version-history":[{"count":1,"href":"https:\/\/cafecommessias.com.br\/index.php?rest_route=\/wp\/v2\/posts\/7390\/revisions"}],"predecessor-version":[{"id":7392,"href":"https:\/\/cafecommessias.com.br\/index.php?rest_route=\/wp\/v2\/posts\/7390\/revisions\/7392"}],"wp:featuredmedia":[{"embeddable":true,"href":"https:\/\/cafecommessias.com.br\/index.php?rest_route=\/wp\/v2\/media\/7391"}],"wp:attachment":[{"href":"https:\/\/cafecommessias.com.br\/index.php?rest_route=%2Fwp%2Fv2%2Fmedia&parent=7390"}],"wp:term":[{"taxonomy":"category","embeddable":true,"href":"https:\/\/cafecommessias.com.br\/index.php?rest_route=%2Fwp%2Fv2%2Fcategories&post=7390"},{"taxonomy":"post_tag","embeddable":true,"href":"https:\/\/cafecommessias.com.br\/index.php?rest_route=%2Fwp%2Fv2%2Ftags&post=7390"}],"curies":[{"name":"wp","href":"https:\/\/api.w.org\/{rel}","templated":true}]}}