{"id":7402,"date":"2025-12-28T12:54:58","date_gmt":"2025-12-28T15:54:58","guid":{"rendered":"https:\/\/cafecommessias.com.br\/?p=7402"},"modified":"2025-12-28T12:55:23","modified_gmt":"2025-12-28T15:55:23","slug":"brutal-presos-abrem-barriga-de-detento-morto-e-picham-parede-com-sangue-dele-durante-motim-em-penitenciaria-de-sp","status":"publish","type":"post","link":"https:\/\/cafecommessias.com.br\/?p=7402","title":{"rendered":"BRUTAL: Presos abrem barriga de detento morto e picham parede com sangue dele durante motim em penitenci\u00e1ria de SP"},"content":{"rendered":"\n<p>Um detento morto durante um motim na Penitenci\u00e1ria 1 de Potim, no interior de S\u00e3o Paulo, teve a barriga aberta por outros presos que usaram o sangue dele para pichar uma das paredes do pres\u00eddio com a express\u00e3o \u201cnovo canga\u00e7o\u201d. A frase faz refer\u00eancia a a\u00e7\u00f5es criminosas de quadrilhas armadas que atacam cidades do interior. O caso aconteceu na sexta-feira (26).<\/p>\n\n\n\n<p>A v\u00edtima, Fagner Falc\u00e3o de Oliveira Silva, de 36 anos, foi assassinada com golpes de l\u00e2mina no p\u00e1tio da unidade.&nbsp;De acordo com a Secretaria da Administra\u00e7\u00e3o Penitenci\u00e1ria (SAP), o motim ocorreu durante o banho de sol, quando presos de um pavilh\u00e3o agrediram outros detentos. A situa\u00e7\u00e3o foi controlada pela C\u00e9lula de Interven\u00e7\u00e3o R\u00e1pida.<\/p>\n\n\n\n<p>A Secretaria da Seguran\u00e7a P\u00fablica informou que quatro homens, com idades entre 31 e 40 anos, foram presos em flagrante pelo homic\u00eddio.<\/p>\n\n\n\n<p>Familiares de detentos relataram ao Metr\u00f3poles, sob sigilo, aumento da viol\u00eancia na unidade ap\u00f3s a transfer\u00eancia de presos de fac\u00e7\u00f5es rivais para o mesmo pres\u00eddio, sem separa\u00e7\u00e3o adequada. Eles tamb\u00e9m denunciaram dificuldades de comunica\u00e7\u00e3o com a dire\u00e7\u00e3o e falta de itens b\u00e1sicos para os internos.<\/p>\n\n\n\n<p>Fagner j\u00e1 havia sido associado, em registros administrativos do sistema penitenci\u00e1rio, a diferentes fac\u00e7\u00f5es criminosas ao longo dos anos. Condenado por roubo e tr\u00e1fico, ele chegou a cumprir pena em pris\u00e3o domiciliar, mas perdeu o benef\u00edcio ap\u00f3s descumprimentos e foi transferido ao regime fechado. H\u00e1 cerca de quatro meses, foi enviado para a penitenci\u00e1ria de Potim, onde acabou morto.<\/p>\n","protected":false},"excerpt":{"rendered":"<p>Um detento morto durante um motim na Penitenci\u00e1ria 1 de Potim, no interior de S\u00e3o Paulo, teve a barriga aberta por outros presos que usaram o sangue dele para pichar uma das paredes do pres\u00eddio com a express\u00e3o \u201cnovo canga\u00e7o\u201d. A frase faz refer\u00eancia a a\u00e7\u00f5es criminosas de quadrilhas armadas que atacam cidades do interior&#8230;.<\/p>\n","protected":false},"author":1,"featured_media":7403,"comment_status":"open","ping_status":"closed","sticky":false,"template":"","format":"standard","meta":{"footnotes":""},"categories":[3],"tags":[],"class_list":["post-7402","post","type-post","status-publish","format-standard","has-post-thumbnail","hentry","category-geral"],"_links":{"self":[{"href":"https:\/\/cafecommessias.com.br\/index.php?rest_route=\/wp\/v2\/posts\/7402","targetHints":{"allow":["GET"]}}],"collection":[{"href":"https:\/\/cafecommessias.com.br\/index.php?rest_route=\/wp\/v2\/posts"}],"about":[{"href":"https:\/\/cafecommessias.com.br\/index.php?rest_route=\/wp\/v2\/types\/post"}],"author":[{"embeddable":true,"href":"https:\/\/cafecommessias.com.br\/index.php?rest_route=\/wp\/v2\/users\/1"}],"replies":[{"embeddable":true,"href":"https:\/\/cafecommessias.com.br\/index.php?rest_route=%2Fwp%2Fv2%2Fcomments&post=7402"}],"version-history":[{"count":1,"href":"https:\/\/cafecommessias.com.br\/index.php?rest_route=\/wp\/v2\/posts\/7402\/revisions"}],"predecessor-version":[{"id":7404,"href":"https:\/\/cafecommessias.com.br\/index.php?rest_route=\/wp\/v2\/posts\/7402\/revisions\/7404"}],"wp:featuredmedia":[{"embeddable":true,"href":"https:\/\/cafecommessias.com.br\/index.php?rest_route=\/wp\/v2\/media\/7403"}],"wp:attachment":[{"href":"https:\/\/cafecommessias.com.br\/index.php?rest_route=%2Fwp%2Fv2%2Fmedia&parent=7402"}],"wp:term":[{"taxonomy":"category","embeddable":true,"href":"https:\/\/cafecommessias.com.br\/index.php?rest_route=%2Fwp%2Fv2%2Fcategories&post=7402"},{"taxonomy":"post_tag","embeddable":true,"href":"https:\/\/cafecommessias.com.br\/index.php?rest_route=%2Fwp%2Fv2%2Ftags&post=7402"}],"curies":[{"name":"wp","href":"https:\/\/api.w.org\/{rel}","templated":true}]}}