{"id":7427,"date":"2025-12-28T17:52:10","date_gmt":"2025-12-28T20:52:10","guid":{"rendered":"https:\/\/cafecommessias.com.br\/?p=7427"},"modified":"2025-12-28T17:52:26","modified_gmt":"2025-12-28T20:52:26","slug":"bolsonaro-volta-a-ter-crise-de-solucos-e-fara-novo-procedimento-nesta-segunda-feira-29-dizem-medicos-em-boletim","status":"publish","type":"post","link":"https:\/\/cafecommessias.com.br\/?p=7427","title":{"rendered":"Bolsonaro volta a ter crise de solu\u00e7os e far\u00e1 novo procedimento nesta segunda-feira (29), dizem m\u00e9dicos em boletim"},"content":{"rendered":"\n<p>O ex-presidente Jair Bolsonaro segue internado no Hospital DF Star, em Bras\u00edlia, em recupera\u00e7\u00e3o p\u00f3s-operat\u00f3ria da cirurgia de h\u00e9rnia inguinal bilateral. Segundo boletim divulgado neste domingo (28), ele apresentou nova crise de solu\u00e7os durante a noite, al\u00e9m de eleva\u00e7\u00e3o da press\u00e3o arterial, mas encontra-se est\u00e1vel no momento.<\/p>\n\n\n\n<p>De acordo com a equipe m\u00e9dica, est\u00e1 programada para esta segunda-feira (29) a realiza\u00e7\u00e3o de um bloqueio anest\u00e9sico do nervo fr\u00eanico esquerdo, como complemento ao procedimento feito no lado direito no s\u00e1bado (27). A medida busca controlar as crises persistentes de solu\u00e7o, que voltaram a ocorrer durante a madrugada e dificultaram o descanso.<\/p>\n\n\n\n<p>Os m\u00e9dicos informaram que Bolsonaro seguir\u00e1 em acompanhamento cl\u00ednico, com fisioterapia, controle da dor e medidas de preven\u00e7\u00e3o de trombose venosa. A expectativa \u00e9 que ele permane\u00e7a internado por pelo menos mais 48 horas ap\u00f3s o novo procedimento, para observa\u00e7\u00e3o da evolu\u00e7\u00e3o do quadro.<\/p>\n\n\n\n<p>Esta \u00e9 a terceira interven\u00e7\u00e3o desde a interna\u00e7\u00e3o, iniciada na \u00faltima quarta-feira, v\u00e9spera de Natal. A cirurgia de h\u00e9rnia durou cerca de tr\u00eas horas e meia e foi considerada bem-sucedida. A hospitaliza\u00e7\u00e3o foi autorizada pelo STF ap\u00f3s per\u00edcia da Pol\u00edcia Federal indicar a necessidade do tratamento.<\/p>\n","protected":false},"excerpt":{"rendered":"<p>O ex-presidente Jair Bolsonaro segue internado no Hospital DF Star, em Bras\u00edlia, em recupera\u00e7\u00e3o p\u00f3s-operat\u00f3ria da cirurgia de h\u00e9rnia inguinal bilateral. Segundo boletim divulgado neste domingo (28), ele apresentou nova crise de solu\u00e7os durante a noite, al\u00e9m de eleva\u00e7\u00e3o da press\u00e3o arterial, mas encontra-se est\u00e1vel no momento. De acordo com a equipe m\u00e9dica, est\u00e1 programada&#8230;<\/p>\n","protected":false},"author":1,"featured_media":7428,"comment_status":"open","ping_status":"closed","sticky":false,"template":"","format":"standard","meta":{"footnotes":""},"categories":[3],"tags":[],"class_list":["post-7427","post","type-post","status-publish","format-standard","has-post-thumbnail","hentry","category-geral"],"_links":{"self":[{"href":"https:\/\/cafecommessias.com.br\/index.php?rest_route=\/wp\/v2\/posts\/7427","targetHints":{"allow":["GET"]}}],"collection":[{"href":"https:\/\/cafecommessias.com.br\/index.php?rest_route=\/wp\/v2\/posts"}],"about":[{"href":"https:\/\/cafecommessias.com.br\/index.php?rest_route=\/wp\/v2\/types\/post"}],"author":[{"embeddable":true,"href":"https:\/\/cafecommessias.com.br\/index.php?rest_route=\/wp\/v2\/users\/1"}],"replies":[{"embeddable":true,"href":"https:\/\/cafecommessias.com.br\/index.php?rest_route=%2Fwp%2Fv2%2Fcomments&post=7427"}],"version-history":[{"count":1,"href":"https:\/\/cafecommessias.com.br\/index.php?rest_route=\/wp\/v2\/posts\/7427\/revisions"}],"predecessor-version":[{"id":7429,"href":"https:\/\/cafecommessias.com.br\/index.php?rest_route=\/wp\/v2\/posts\/7427\/revisions\/7429"}],"wp:featuredmedia":[{"embeddable":true,"href":"https:\/\/cafecommessias.com.br\/index.php?rest_route=\/wp\/v2\/media\/7428"}],"wp:attachment":[{"href":"https:\/\/cafecommessias.com.br\/index.php?rest_route=%2Fwp%2Fv2%2Fmedia&parent=7427"}],"wp:term":[{"taxonomy":"category","embeddable":true,"href":"https:\/\/cafecommessias.com.br\/index.php?rest_route=%2Fwp%2Fv2%2Fcategories&post=7427"},{"taxonomy":"post_tag","embeddable":true,"href":"https:\/\/cafecommessias.com.br\/index.php?rest_route=%2Fwp%2Fv2%2Ftags&post=7427"}],"curies":[{"name":"wp","href":"https:\/\/api.w.org\/{rel}","templated":true}]}}