{"id":743,"date":"2025-07-17T12:44:32","date_gmt":"2025-07-17T15:44:32","guid":{"rendered":"http:\/\/cafecommessias.com.br\/?p=743"},"modified":"2025-07-17T12:44:32","modified_gmt":"2025-07-17T15:44:32","slug":"sargento-da-pm-e-baleado-durante-tentativa-de-assalto-em-parnamirim","status":"publish","type":"post","link":"https:\/\/cafecommessias.com.br\/?p=743","title":{"rendered":"Sargento da PM \u00e9 baleado durante tentativa de assalto em Parnamirim"},"content":{"rendered":"\n<p>O policial foi levado ao Hospital Deocl\u00e9cio Marques, em Parnamirim, onde recebeu atendimento m\u00e9dico e foi liberado<\/p>\n\n\n\n<p>Um sargento da\u00a0Pol\u00edcia Militar\u00a0do Rio Grande do Norte foi baleado durante uma tentativa de assalto na noite desta quarta-feira 16, no bairro Cohabinal, em Parnamirim, regi\u00e3o Metropolitana de Natal. O crime ocorreu por volta das 17h30, na Avenida Presidente Castelo Branco, nas proximidades de uma academia de jiu-jitsu.<\/p>\n\n\n\n<p>De acordo com a Pol\u00edcia Militar, um homem que dirigia um ve\u00edculo Duster de cor prata se aproximou do policial e ordenou que ele entrasse no carro. O sargento correu em busca de abrigo, momento em que foi atingido de rasp\u00e3o por um disparo de arma de fogo na coxa.<\/p>\n\n\n\n<p>O policial foi levado ao Hospital Deocl\u00e9cio Marques, em Parnamirim, onde recebeu atendimento m\u00e9dico e foi liberado. Segundo informa\u00e7\u00f5es repassadas \u00e0 PM, o sargento passa bem e n\u00e3o corre risco de morte. A pol\u00edcia n\u00e3o informou se houve pris\u00e3o de suspeitos.<\/p>\n\n\n\n<p><sub>por Agora RN<\/sub><\/p>\n\n\n\n<p><\/p>\n","protected":false},"excerpt":{"rendered":"<p>O policial foi levado ao Hospital Deocl\u00e9cio Marques, em Parnamirim, onde recebeu atendimento m\u00e9dico e foi liberado Um sargento da\u00a0Pol\u00edcia Militar\u00a0do Rio Grande do Norte foi baleado durante uma tentativa de assalto na noite desta quarta-feira 16, no bairro Cohabinal, em Parnamirim, regi\u00e3o Metropolitana de Natal. O crime ocorreu por volta das 17h30, na Avenida&#8230;<\/p>\n","protected":false},"author":1,"featured_media":744,"comment_status":"open","ping_status":"open","sticky":false,"template":"","format":"standard","meta":{"footnotes":""},"categories":[5],"tags":[],"class_list":["post-743","post","type-post","status-publish","format-standard","has-post-thumbnail","hentry","category-policia"],"_links":{"self":[{"href":"https:\/\/cafecommessias.com.br\/index.php?rest_route=\/wp\/v2\/posts\/743","targetHints":{"allow":["GET"]}}],"collection":[{"href":"https:\/\/cafecommessias.com.br\/index.php?rest_route=\/wp\/v2\/posts"}],"about":[{"href":"https:\/\/cafecommessias.com.br\/index.php?rest_route=\/wp\/v2\/types\/post"}],"author":[{"embeddable":true,"href":"https:\/\/cafecommessias.com.br\/index.php?rest_route=\/wp\/v2\/users\/1"}],"replies":[{"embeddable":true,"href":"https:\/\/cafecommessias.com.br\/index.php?rest_route=%2Fwp%2Fv2%2Fcomments&post=743"}],"version-history":[{"count":1,"href":"https:\/\/cafecommessias.com.br\/index.php?rest_route=\/wp\/v2\/posts\/743\/revisions"}],"predecessor-version":[{"id":745,"href":"https:\/\/cafecommessias.com.br\/index.php?rest_route=\/wp\/v2\/posts\/743\/revisions\/745"}],"wp:featuredmedia":[{"embeddable":true,"href":"https:\/\/cafecommessias.com.br\/index.php?rest_route=\/wp\/v2\/media\/744"}],"wp:attachment":[{"href":"https:\/\/cafecommessias.com.br\/index.php?rest_route=%2Fwp%2Fv2%2Fmedia&parent=743"}],"wp:term":[{"taxonomy":"category","embeddable":true,"href":"https:\/\/cafecommessias.com.br\/index.php?rest_route=%2Fwp%2Fv2%2Fcategories&post=743"},{"taxonomy":"post_tag","embeddable":true,"href":"https:\/\/cafecommessias.com.br\/index.php?rest_route=%2Fwp%2Fv2%2Ftags&post=743"}],"curies":[{"name":"wp","href":"https:\/\/api.w.org\/{rel}","templated":true}]}}