{"id":7467,"date":"2025-12-29T07:53:55","date_gmt":"2025-12-29T10:53:55","guid":{"rendered":"https:\/\/cafecommessias.com.br\/?p=7467"},"modified":"2025-12-29T07:54:09","modified_gmt":"2025-12-29T10:54:09","slug":"lula-prepara-debandada-no-ministerio-e-deve-liberar-mais-da-metade-da-esplanada-para-2026","status":"publish","type":"post","link":"https:\/\/cafecommessias.com.br\/?p=7467","title":{"rendered":"Lula prepara debandada no minist\u00e9rio e deve liberar mais da metade da Esplanada para 2026"},"content":{"rendered":"\n<p>O presidente Luiz In\u00e1cio Lula da Silva (PT) j\u00e1 admite que 2026 ser\u00e1 decisivo para seu projeto pol\u00edtico e, por isso, deve autorizar a sa\u00edda de ao menos 22 ministros para disputar as elei\u00e7\u00f5es. A declara\u00e7\u00e3o foi feita em dezembro de 2025, durante reuni\u00e3o na Granja do Torto, quando Lula chamou o pr\u00f3ximo pleito de \u201cano da verdade\u201d e cobrou que quem deixar o governo \u201cganhe o cargo que vai disputar\u201d. O prazo legal de desincompatibiliza\u00e7\u00e3o termina em abril, seis meses antes do primeiro turno.<\/p>\n\n\n\n<p>Caso o n\u00famero se confirme, a debandada atingir\u00e1 cerca de 56% dos 39 ministros atuais, superando proporcionalmente as sa\u00eddas registradas nos governos Bolsonaro, Temer e Dilma. Lula tenta o quarto mandato no Planalto e pressiona seus auxiliares por compromisso pol\u00edtico, ao mesmo tempo em que prepara uma reforma profunda no primeiro escal\u00e3o para acomodar aliados e recompor for\u00e7as no Congresso.<\/p>\n\n\n\n<p>Entre os nomes mais cotados para deixar o governo est\u00e3o figuras centrais da administra\u00e7\u00e3o. Gleisi Hoffmann deve disputar a C\u00e2mara pelo Paran\u00e1; Rui Costa \u00e9 apontado como candidato ao Senado pela Bahia; Fernando Haddad avalia concorrer ao governo ou ao Senado em S\u00e3o Paulo; e Simone Tebet e M\u00e1rcio Fran\u00e7a tamb\u00e9m aparecem com planos eleitorais. O Centr\u00e3o concentra parte relevante dessas movimenta\u00e7\u00f5es, especialmente em disputas ao Senado.<\/p>\n\n\n\n<p>Na reuni\u00e3o, Lula tamb\u00e9m cobrou defini\u00e7\u00e3o dos partidos que ainda mant\u00eam posi\u00e7\u00e3o amb\u00edgua sobre sua reelei\u00e7\u00e3o, com recados diretos ao PSD, MDB e Republicanos. Segundo o presidente, 2025 ser\u00e1 \u201co ano da colheita\u201d, enquanto 2026 exigir\u00e1 alinhamento total do governo e de seus aliados para sustentar o projeto de continuidade no poder.<\/p>\n\n\n\n<p><em><sub>Por Poder360<\/sub><\/em><\/p>\n\n\n\n<p><\/p>\n","protected":false},"excerpt":{"rendered":"<p>O presidente Luiz In\u00e1cio Lula da Silva (PT) j\u00e1 admite que 2026 ser\u00e1 decisivo para seu projeto pol\u00edtico e, por isso, deve autorizar a sa\u00edda de ao menos 22 ministros para disputar as elei\u00e7\u00f5es. A declara\u00e7\u00e3o foi feita em dezembro de 2025, durante reuni\u00e3o na Granja do Torto, quando Lula chamou o pr\u00f3ximo pleito de&#8230;<\/p>\n","protected":false},"author":1,"featured_media":7468,"comment_status":"open","ping_status":"closed","sticky":false,"template":"","format":"standard","meta":{"footnotes":""},"categories":[6],"tags":[],"class_list":["post-7467","post","type-post","status-publish","format-standard","has-post-thumbnail","hentry","category-politica"],"_links":{"self":[{"href":"https:\/\/cafecommessias.com.br\/index.php?rest_route=\/wp\/v2\/posts\/7467","targetHints":{"allow":["GET"]}}],"collection":[{"href":"https:\/\/cafecommessias.com.br\/index.php?rest_route=\/wp\/v2\/posts"}],"about":[{"href":"https:\/\/cafecommessias.com.br\/index.php?rest_route=\/wp\/v2\/types\/post"}],"author":[{"embeddable":true,"href":"https:\/\/cafecommessias.com.br\/index.php?rest_route=\/wp\/v2\/users\/1"}],"replies":[{"embeddable":true,"href":"https:\/\/cafecommessias.com.br\/index.php?rest_route=%2Fwp%2Fv2%2Fcomments&post=7467"}],"version-history":[{"count":1,"href":"https:\/\/cafecommessias.com.br\/index.php?rest_route=\/wp\/v2\/posts\/7467\/revisions"}],"predecessor-version":[{"id":7469,"href":"https:\/\/cafecommessias.com.br\/index.php?rest_route=\/wp\/v2\/posts\/7467\/revisions\/7469"}],"wp:featuredmedia":[{"embeddable":true,"href":"https:\/\/cafecommessias.com.br\/index.php?rest_route=\/wp\/v2\/media\/7468"}],"wp:attachment":[{"href":"https:\/\/cafecommessias.com.br\/index.php?rest_route=%2Fwp%2Fv2%2Fmedia&parent=7467"}],"wp:term":[{"taxonomy":"category","embeddable":true,"href":"https:\/\/cafecommessias.com.br\/index.php?rest_route=%2Fwp%2Fv2%2Fcategories&post=7467"},{"taxonomy":"post_tag","embeddable":true,"href":"https:\/\/cafecommessias.com.br\/index.php?rest_route=%2Fwp%2Fv2%2Ftags&post=7467"}],"curies":[{"name":"wp","href":"https:\/\/api.w.org\/{rel}","templated":true}]}}