{"id":7558,"date":"2026-01-01T11:58:04","date_gmt":"2026-01-01T14:58:04","guid":{"rendered":"https:\/\/cafecommessias.com.br\/?p=7558"},"modified":"2026-01-01T11:58:17","modified_gmt":"2026-01-01T14:58:17","slug":"ministros-de-lula-entram-em-2026-com-mote-o-ultimo-a-sair-apaga-a-luz","status":"publish","type":"post","link":"https:\/\/cafecommessias.com.br\/?p=7558","title":{"rendered":"Ministros de Lula entram em 2026 com mote \u2018o \u00faltimo a sair apaga a luz\u2019"},"content":{"rendered":"\n<p>Nos primeiros dias de 2026, ministros do governo Lula t\u00eam feito uma brincadeira sobre a chegada do ano eleitoral: dizem que \u201co \u00faltimo a sair apaga a luz\u201d. Isso porque a maioria deles deixar\u00e1 o cargo at\u00e9 abril para disputar votos nas urnas.<\/p>\n\n\n\n<p>Em outra frente, o ministro da Justi\u00e7a, Ricardo Lewandowski, j\u00e1 avisou ao presidente Lula (PT) que deseja sair do cargo. A aposta \u00e9 que o interruptor ficar\u00e1, uma vez mais, com o ministro da Defesa, Jos\u00e9 M\u00facio, que tamb\u00e9m tenta abrir a porta de sa\u00edda.<\/p>\n\n\n\n<p>Lula tem planos para o ministro da Fazenda, Fernando Haddad, que tanto pode concorrer ao Senado por S\u00e3o Paulo como ao Pal\u00e1cio dos Bandeirantes. A titular da Secretaria de Rela\u00e7\u00f5es Institucionais, Gleisi Hoffmann, deve tentar a reelei\u00e7\u00e3o na C\u00e2mara.<\/p>\n\n\n\n<p>Simone Tebet (MDB), do Planejamento, tamb\u00e9m deixar\u00e1 o posto. A inten\u00e7\u00e3o da ministra \u00e9 concorrer novamente ao Senado, mas, desde que apoiou Lula, no segundo turno da campanha de 2022, perdeu votos em seu reduto no Mato Grosso do Sul, Estado conservador.<\/p>\n\n\n\n<p>O chefe da Casa Civil, Rui Costa, \u00e9 outro que sair\u00e1 do governo: ser\u00e1 candidato ao Senado pela Bahia. A ministra da Cultura, Margareth Menezes, \u00e9 incentivada pela primeira-dama Ros\u00e2ngela Silva a concorrer a deputada federal.<\/p>\n\n\n\n<p>Mas n\u00e3o s\u00e3o s\u00f3 eles que est\u00e3o de sa\u00edda da Esplanada. A maioria dos ministros deixar\u00e1 os postos para disputar elei\u00e7\u00f5es.<\/p>\n\n\n\n<p><em><sub>Por Estad\u00e3o<\/sub><\/em><\/p>\n\n\n\n<p><\/p>\n","protected":false},"excerpt":{"rendered":"<p>Nos primeiros dias de 2026, ministros do governo Lula t\u00eam feito uma brincadeira sobre a chegada do ano eleitoral: dizem que \u201co \u00faltimo a sair apaga a luz\u201d. Isso porque a maioria deles deixar\u00e1 o cargo at\u00e9 abril para disputar votos nas urnas. Em outra frente, o ministro da Justi\u00e7a, Ricardo Lewandowski, j\u00e1 avisou ao&#8230;<\/p>\n","protected":false},"author":1,"featured_media":7559,"comment_status":"open","ping_status":"closed","sticky":false,"template":"","format":"standard","meta":{"footnotes":""},"categories":[6],"tags":[],"class_list":["post-7558","post","type-post","status-publish","format-standard","has-post-thumbnail","hentry","category-politica"],"_links":{"self":[{"href":"https:\/\/cafecommessias.com.br\/index.php?rest_route=\/wp\/v2\/posts\/7558","targetHints":{"allow":["GET"]}}],"collection":[{"href":"https:\/\/cafecommessias.com.br\/index.php?rest_route=\/wp\/v2\/posts"}],"about":[{"href":"https:\/\/cafecommessias.com.br\/index.php?rest_route=\/wp\/v2\/types\/post"}],"author":[{"embeddable":true,"href":"https:\/\/cafecommessias.com.br\/index.php?rest_route=\/wp\/v2\/users\/1"}],"replies":[{"embeddable":true,"href":"https:\/\/cafecommessias.com.br\/index.php?rest_route=%2Fwp%2Fv2%2Fcomments&post=7558"}],"version-history":[{"count":1,"href":"https:\/\/cafecommessias.com.br\/index.php?rest_route=\/wp\/v2\/posts\/7558\/revisions"}],"predecessor-version":[{"id":7560,"href":"https:\/\/cafecommessias.com.br\/index.php?rest_route=\/wp\/v2\/posts\/7558\/revisions\/7560"}],"wp:featuredmedia":[{"embeddable":true,"href":"https:\/\/cafecommessias.com.br\/index.php?rest_route=\/wp\/v2\/media\/7559"}],"wp:attachment":[{"href":"https:\/\/cafecommessias.com.br\/index.php?rest_route=%2Fwp%2Fv2%2Fmedia&parent=7558"}],"wp:term":[{"taxonomy":"category","embeddable":true,"href":"https:\/\/cafecommessias.com.br\/index.php?rest_route=%2Fwp%2Fv2%2Fcategories&post=7558"},{"taxonomy":"post_tag","embeddable":true,"href":"https:\/\/cafecommessias.com.br\/index.php?rest_route=%2Fwp%2Fv2%2Ftags&post=7558"}],"curies":[{"name":"wp","href":"https:\/\/api.w.org\/{rel}","templated":true}]}}