{"id":7561,"date":"2026-01-01T12:00:19","date_gmt":"2026-01-01T15:00:19","guid":{"rendered":"https:\/\/cafecommessias.com.br\/?p=7561"},"modified":"2026-01-01T12:00:33","modified_gmt":"2026-01-01T15:00:33","slug":"litoral-norte-rn-equipe-do-17o-batalhao-da-policia-militar-recupera-veiculo-roubado-em-touros","status":"publish","type":"post","link":"https:\/\/cafecommessias.com.br\/?p=7561","title":{"rendered":"LITORAL NORTE\/RN: Equipe do 17\u00ba Batalh\u00e3o da Pol\u00edcia Militar recupera ve\u00edculo roubado em Touros"},"content":{"rendered":"\n<p>Policiais militares do 17\u00ba Batalh\u00e3o, na tarde destea quarta-feira,31\/12\/25, quando realizavam patrulhamento ostensivo na cidade de Rio do Fogo, receberam informa\u00e7\u00f5es sobre uma dupla armada que estaria praticando assaltos a estabelecimentos comerciais na regi\u00e3o.<\/p>\n\n\n\n<p>De imediato, a equipe tomou conhecimento de que os indiv\u00edduos haviam realizado assaltos a dois mercadinhos no munic\u00edpio e, durante a a\u00e7\u00e3o criminosa, roubaram um ve\u00edculo Renault Sandero.<\/p>\n\n\n\n<p>Segundo relato da v\u00edtima, os suspeitos (sendo um deles armado com um rev\u00f3lver) subtra\u00edram o autom\u00f3vel e fugiram pela estrada carro\u00e7\u00e1vel em dire\u00e7\u00e3o ao munic\u00edpio de Touros.<\/p>\n\n\n\n<p>Os policiais iniciaram dilig\u00eancias e, durante as buscas, localizaram o ve\u00edculo abandonado na estrada que liga Rio do Fogo a Touros, nas proximidades das pousadas e hot\u00e9is da regi\u00e3o.<\/p>\n\n\n\n<p>O autom\u00f3vel, juntamente com o material recolhido, foi encaminhado \u00e0 Delegacia de Jo\u00e3o C\u00e2mara para a realiza\u00e7\u00e3o dos procedimentos cab\u00edveis.<\/p>\n\n\n\n<p><em><sub>Com informa\u00e7\u00f5es do 17\u00ba BPM<\/sub><\/em><\/p>\n\n\n\n<p><\/p>\n","protected":false},"excerpt":{"rendered":"<p>Policiais militares do 17\u00ba Batalh\u00e3o, na tarde destea quarta-feira,31\/12\/25, quando realizavam patrulhamento ostensivo na cidade de Rio do Fogo, receberam informa\u00e7\u00f5es sobre uma dupla armada que estaria praticando assaltos a estabelecimentos comerciais na regi\u00e3o. De imediato, a equipe tomou conhecimento de que os indiv\u00edduos haviam realizado assaltos a dois mercadinhos no munic\u00edpio e, durante a&#8230;<\/p>\n","protected":false},"author":1,"featured_media":7562,"comment_status":"open","ping_status":"closed","sticky":false,"template":"","format":"standard","meta":{"footnotes":""},"categories":[23],"tags":[],"class_list":["post-7561","post","type-post","status-publish","format-standard","has-post-thumbnail","hentry","category-crime"],"_links":{"self":[{"href":"https:\/\/cafecommessias.com.br\/index.php?rest_route=\/wp\/v2\/posts\/7561","targetHints":{"allow":["GET"]}}],"collection":[{"href":"https:\/\/cafecommessias.com.br\/index.php?rest_route=\/wp\/v2\/posts"}],"about":[{"href":"https:\/\/cafecommessias.com.br\/index.php?rest_route=\/wp\/v2\/types\/post"}],"author":[{"embeddable":true,"href":"https:\/\/cafecommessias.com.br\/index.php?rest_route=\/wp\/v2\/users\/1"}],"replies":[{"embeddable":true,"href":"https:\/\/cafecommessias.com.br\/index.php?rest_route=%2Fwp%2Fv2%2Fcomments&post=7561"}],"version-history":[{"count":1,"href":"https:\/\/cafecommessias.com.br\/index.php?rest_route=\/wp\/v2\/posts\/7561\/revisions"}],"predecessor-version":[{"id":7563,"href":"https:\/\/cafecommessias.com.br\/index.php?rest_route=\/wp\/v2\/posts\/7561\/revisions\/7563"}],"wp:featuredmedia":[{"embeddable":true,"href":"https:\/\/cafecommessias.com.br\/index.php?rest_route=\/wp\/v2\/media\/7562"}],"wp:attachment":[{"href":"https:\/\/cafecommessias.com.br\/index.php?rest_route=%2Fwp%2Fv2%2Fmedia&parent=7561"}],"wp:term":[{"taxonomy":"category","embeddable":true,"href":"https:\/\/cafecommessias.com.br\/index.php?rest_route=%2Fwp%2Fv2%2Fcategories&post=7561"},{"taxonomy":"post_tag","embeddable":true,"href":"https:\/\/cafecommessias.com.br\/index.php?rest_route=%2Fwp%2Fv2%2Ftags&post=7561"}],"curies":[{"name":"wp","href":"https:\/\/api.w.org\/{rel}","templated":true}]}}