{"id":7627,"date":"2026-01-02T08:27:16","date_gmt":"2026-01-02T11:27:16","guid":{"rendered":"https:\/\/cafecommessias.com.br\/?p=7627"},"modified":"2026-01-02T08:29:36","modified_gmt":"2026-01-02T11:29:36","slug":"vamos-vencer-os-dias-maus-diz-michelle-apos-alta-de-bolsonaro","status":"publish","type":"post","link":"https:\/\/cafecommessias.com.br\/?p=7627","title":{"rendered":"\u201cVamos vencer os dias maus\u201d, diz Michelle ap\u00f3s alta de Bolsonaro"},"content":{"rendered":"\n<p>Ap\u00f3s o ex-presidente Jair Bolsonaro (PL) receber alta hospitalar e retornar \u00e0 Superintend\u00eancia da Pol\u00edcia Federal, em Bras\u00edlia, Michelle Bolsonaro publicou uma mensagem de apoio nas redes sociais nesta quinta-feira (1\u00ba). A ex-primeira-dama afirmou que a fam\u00edlia vai superar \u201cos dias maus\u201d e exaltou o marido, que segue cumprindo pena determinada pelo STF.<\/p>\n\n\n\n<p>Na publica\u00e7\u00e3o no Instagram, Michelle citou uma frase atribu\u00edda a Winston Churchill \u2014 mas que, na verdade, \u00e9 do escritor norte-americano John C. Maxwell \u2014 para definir Bolsonaro como um l\u00edder. Em seguida, declarou apoio p\u00fablico: \u201cVoc\u00ea \u00e9 grande, meu amor! Existe um Brasil de bem que te ama e ora por voc\u00ea. Vamos vencer os dias maus. Que Deus te aben\u00e7oe. Te amo e estarei ao seu lado\u201d.<\/p>\n\n\n\n<p>Bolsonaro estava internado desde 24 de dezembro no Hospital DF Star, onde passou por uma herniorrafia inguinal bilateral, procedimentos para conter crises persistentes de solu\u00e7os e uma endoscopia digestiva alta. Ap\u00f3s a alta, a defesa solicitou ao ministro Alexandre de Moraes a concess\u00e3o de pris\u00e3o domiciliar humanit\u00e1ria, pedido que acabou sendo negado.<\/p>\n\n\n\n<p>Na decis\u00e3o, Moraes afirmou que n\u00e3o houve agravamento do estado de sa\u00fade do ex-presidente e que os laudos m\u00e9dicos indicam melhora cl\u00ednica ap\u00f3s os procedimentos. O ministro tamb\u00e9m ressaltou que todas as recomenda\u00e7\u00f5es m\u00e9dicas podem ser cumpridas na sala de Estado-Maior da PF, onde Bolsonaro segue preso ap\u00f3s condena\u00e7\u00e3o a 27 anos e tr\u00eas meses por crimes ligados \u00e0 tentativa de golpe de Estado.<\/p>\n\n\n\n<p class=\"has-text-align-center\"><strong><em>PUBLICIDADE<\/em><\/strong><\/p>\n\n\n\n<figure class=\"wp-block-image size-full\"><img loading=\"lazy\" decoding=\"async\" width=\"790\" height=\"200\" src=\"https:\/\/cafecommessias.com.br\/wp-content\/uploads\/2025\/11\/790x200px_Estado.png\" alt=\"\" class=\"wp-image-6424\" srcset=\"https:\/\/cafecommessias.com.br\/wp-content\/uploads\/2025\/11\/790x200px_Estado.png 790w, https:\/\/cafecommessias.com.br\/wp-content\/uploads\/2025\/11\/790x200px_Estado-300x76.png 300w, https:\/\/cafecommessias.com.br\/wp-content\/uploads\/2025\/11\/790x200px_Estado-768x194.png 768w\" sizes=\"auto, (max-width: 790px) 100vw, 790px\" \/><\/figure>\n","protected":false},"excerpt":{"rendered":"<p>Ap\u00f3s o ex-presidente Jair Bolsonaro (PL) receber alta hospitalar e retornar \u00e0 Superintend\u00eancia da Pol\u00edcia Federal, em Bras\u00edlia, Michelle Bolsonaro publicou uma mensagem de apoio nas redes sociais nesta quinta-feira (1\u00ba). A ex-primeira-dama afirmou que a fam\u00edlia vai superar \u201cos dias maus\u201d e exaltou o marido, que segue cumprindo pena determinada pelo STF. Na publica\u00e7\u00e3o&#8230;<\/p>\n","protected":false},"author":1,"featured_media":7628,"comment_status":"open","ping_status":"closed","sticky":false,"template":"","format":"standard","meta":{"footnotes":""},"categories":[4,3],"tags":[],"class_list":["post-7627","post","type-post","status-publish","format-standard","has-post-thumbnail","hentry","category-anuncie-aqui","category-geral"],"_links":{"self":[{"href":"https:\/\/cafecommessias.com.br\/index.php?rest_route=\/wp\/v2\/posts\/7627","targetHints":{"allow":["GET"]}}],"collection":[{"href":"https:\/\/cafecommessias.com.br\/index.php?rest_route=\/wp\/v2\/posts"}],"about":[{"href":"https:\/\/cafecommessias.com.br\/index.php?rest_route=\/wp\/v2\/types\/post"}],"author":[{"embeddable":true,"href":"https:\/\/cafecommessias.com.br\/index.php?rest_route=\/wp\/v2\/users\/1"}],"replies":[{"embeddable":true,"href":"https:\/\/cafecommessias.com.br\/index.php?rest_route=%2Fwp%2Fv2%2Fcomments&post=7627"}],"version-history":[{"count":2,"href":"https:\/\/cafecommessias.com.br\/index.php?rest_route=\/wp\/v2\/posts\/7627\/revisions"}],"predecessor-version":[{"id":7631,"href":"https:\/\/cafecommessias.com.br\/index.php?rest_route=\/wp\/v2\/posts\/7627\/revisions\/7631"}],"wp:featuredmedia":[{"embeddable":true,"href":"https:\/\/cafecommessias.com.br\/index.php?rest_route=\/wp\/v2\/media\/7628"}],"wp:attachment":[{"href":"https:\/\/cafecommessias.com.br\/index.php?rest_route=%2Fwp%2Fv2%2Fmedia&parent=7627"}],"wp:term":[{"taxonomy":"category","embeddable":true,"href":"https:\/\/cafecommessias.com.br\/index.php?rest_route=%2Fwp%2Fv2%2Fcategories&post=7627"},{"taxonomy":"post_tag","embeddable":true,"href":"https:\/\/cafecommessias.com.br\/index.php?rest_route=%2Fwp%2Fv2%2Ftags&post=7627"}],"curies":[{"name":"wp","href":"https:\/\/api.w.org\/{rel}","templated":true}]}}