{"id":7692,"date":"2026-01-03T10:08:25","date_gmt":"2026-01-03T13:08:25","guid":{"rendered":"https:\/\/cafecommessias.com.br\/?p=7692"},"modified":"2026-01-03T10:08:40","modified_gmt":"2026-01-03T13:08:40","slug":"video-viva-a-liberdade-milei-celebra-captura-de-maduro-pelos-eua-e-relembra-fala-na-cupula-do-mercosul-quando-rebateu-lula","status":"publish","type":"post","link":"https:\/\/cafecommessias.com.br\/?p=7692","title":{"rendered":"[V\u00cdDEO] \u201cViva a liberdade!\u201d: Milei celebra captura de Maduro pelos EUA e relembra fala na c\u00fapula do Mercosul quando rebateu Lula"},"content":{"rendered":"\n<figure class=\"wp-block-embed is-type-rich is-provider-twitter wp-block-embed-twitter\"><div class=\"wp-block-embed__wrapper\">\n<blockquote class=\"twitter-tweet\" data-width=\"550\" data-dnt=\"true\"><p lang=\"es\" dir=\"ltr\">LA LIBERTAD AVANZA <br>VIVA LA LIBERTAD CARAJO <a href=\"https:\/\/t.co\/yexGuQfKvF\">pic.twitter.com\/yexGuQfKvF<\/a><\/p>&mdash; Javier Milei (@JMilei) <a href=\"https:\/\/twitter.com\/JMilei\/status\/2007413554077692217?ref_src=twsrc%5Etfw\">January 3, 2026<\/a><\/blockquote><script async src=\"https:\/\/platform.twitter.com\/widgets.js\" charset=\"utf-8\"><\/script>\n<\/div><\/figure>\n\n\n\n<p>O presidente da Argentina, Javier Milei, reagiu neste s\u00e1bado (3) ao ataque militar dos Estados Unidos \u00e0 Venezuela, celebrado ap\u00f3s o an\u00fancio do presidente norte-americano Donald Trump sobre a captura de Nicol\u00e1s Maduro e de sua esposa.<\/p>\n\n\n\n<p>Milei aproveitou o fato para compartilhar um v\u00eddeo relembrando o pr\u00f3prio discurso na c\u00fapula do Mercosul, na presen\u00e7a do presidente Lula, onde condenou o regime Maduro e elogiou as a\u00e7\u00f5es dos EUA e Donald Trump contra o ditador venezuelano.<\/p>\n\n\n\n<p>Em publica\u00e7\u00e3o na rede social X, Milei comemorou a a\u00e7\u00e3o e repetiu seu slogan pol\u00edtico: \u201cLa libertad avanza. Viva la libertad, carajo\u201d<\/p>\n","protected":false},"excerpt":{"rendered":"<p>O presidente da Argentina, Javier Milei, reagiu neste s\u00e1bado (3) ao ataque militar dos Estados Unidos \u00e0 Venezuela, celebrado ap\u00f3s o an\u00fancio do presidente norte-americano Donald Trump sobre a captura de Nicol\u00e1s Maduro e de sua esposa. Milei aproveitou o fato para compartilhar um v\u00eddeo relembrando o pr\u00f3prio discurso na c\u00fapula do Mercosul, na presen\u00e7a&#8230;<\/p>\n","protected":false},"author":1,"featured_media":7693,"comment_status":"open","ping_status":"closed","sticky":false,"template":"","format":"standard","meta":{"footnotes":""},"categories":[2],"tags":[],"class_list":["post-7692","post","type-post","status-publish","format-standard","has-post-thumbnail","hentry","category-internacional"],"_links":{"self":[{"href":"https:\/\/cafecommessias.com.br\/index.php?rest_route=\/wp\/v2\/posts\/7692","targetHints":{"allow":["GET"]}}],"collection":[{"href":"https:\/\/cafecommessias.com.br\/index.php?rest_route=\/wp\/v2\/posts"}],"about":[{"href":"https:\/\/cafecommessias.com.br\/index.php?rest_route=\/wp\/v2\/types\/post"}],"author":[{"embeddable":true,"href":"https:\/\/cafecommessias.com.br\/index.php?rest_route=\/wp\/v2\/users\/1"}],"replies":[{"embeddable":true,"href":"https:\/\/cafecommessias.com.br\/index.php?rest_route=%2Fwp%2Fv2%2Fcomments&post=7692"}],"version-history":[{"count":1,"href":"https:\/\/cafecommessias.com.br\/index.php?rest_route=\/wp\/v2\/posts\/7692\/revisions"}],"predecessor-version":[{"id":7694,"href":"https:\/\/cafecommessias.com.br\/index.php?rest_route=\/wp\/v2\/posts\/7692\/revisions\/7694"}],"wp:featuredmedia":[{"embeddable":true,"href":"https:\/\/cafecommessias.com.br\/index.php?rest_route=\/wp\/v2\/media\/7693"}],"wp:attachment":[{"href":"https:\/\/cafecommessias.com.br\/index.php?rest_route=%2Fwp%2Fv2%2Fmedia&parent=7692"}],"wp:term":[{"taxonomy":"category","embeddable":true,"href":"https:\/\/cafecommessias.com.br\/index.php?rest_route=%2Fwp%2Fv2%2Fcategories&post=7692"},{"taxonomy":"post_tag","embeddable":true,"href":"https:\/\/cafecommessias.com.br\/index.php?rest_route=%2Fwp%2Fv2%2Ftags&post=7692"}],"curies":[{"name":"wp","href":"https:\/\/api.w.org\/{rel}","templated":true}]}}