{"id":77,"date":"2025-07-10T06:52:09","date_gmt":"2025-07-10T09:52:09","guid":{"rendered":"http:\/\/cafecommessias.com.br\/?p=77"},"modified":"2025-07-25T00:48:55","modified_gmt":"2025-07-25T03:48:55","slug":"tarcisio-diz-que-lula-pos-ideologia-acima-de-economia-e-pede-negociacao","status":"publish","type":"post","link":"https:\/\/cafecommessias.com.br\/?p=77","title":{"rendered":"Tarc\u00edsio diz que Lula p\u00f4s \u2018ideologia acima de economia\u2019 e pede negocia\u00e7\u00e3o"},"content":{"rendered":"\n<p>O governador de S\u00e3o Paulo, Tarc\u00edsio de Freitas (Republicanos), responsabilizou o presidente Lula (PT) e pediu negocia\u00e7\u00e3o ap\u00f3s o an\u00fancio do presidente dos Estados Unidos, Donald Trump, de aumento das tarifas a produtos brasileiros.<\/p>\n\n\n\n<p>\u201cLula colocou sua ideologia acima da economia, e esse \u00e9 o resultado\u201d, escreveu Tarc\u00edsio em um post no X. \u201cTiveram tempo para prestigiar ditaduras, defender a censura e agredir o maior investidor direto no Brasil. Outros pa\u00edses buscaram a negocia\u00e7\u00e3o. N\u00e3o adianta se esconder atr\u00e1s do Bolsonaro. A responsabilidade \u00e9 de quem governa. Narrativas n\u00e3o resolver\u00e3o o problema.\u201d<\/p>\n\n\n\n<p>Tarc\u00edsio afirmou que as tarifas prejudicam as exporta\u00e7\u00f5es. Em nota enviada ao UOL, o governador disse que a medida representa um desafio comercial e pol\u00edtico, com reflexos importantes para todo o setor produtivo nacional.<\/p>\n\n\n\n<p>Tarc\u00edsio disse que o Planalto n\u00e3o entendeu ainda que \u201cideologia e aritm\u00e9tica n\u00e3o se misturam\u201d e que, das economias do G20, o Brasil tem sido a mais distante da Casa Branca. \u201cResolver os problemas das pessoas, das nossas empresas, dos nossos exportadores \u00e9 mais importante do que o revanchismo, a bravata e a constru\u00e7\u00e3o de narrativas\u201d, escreveu.<\/p>\n\n\n\n<p>Com Bolsonaro ineleg\u00edvel, o governador \u00e9 apontado por aliados do ex-presidente como poss\u00edvel presidenci\u00e1vel. Publicamente, o governador nega inten\u00e7\u00f5es de disputar e afirma que tentar\u00e1 a reelei\u00e7\u00e3o em S\u00e3o Paulo.<\/p>\n\n\n\n<p><sub>Por <strong>UOL<\/strong><\/sub><\/p>\n\n\n\n<figure class=\"wp-block-image size-large\"><a href=\"https:\/\/www.natal.rn.gov.br\/\"><img loading=\"lazy\" decoding=\"async\" width=\"1024\" height=\"158\" src=\"http:\/\/cafecommessias.com.br\/wp-content\/uploads\/2025\/07\/Banner-REFIS-1300x200px-PRORROGADO-3-1024x158.gif\" alt=\"\" class=\"wp-image-90\" srcset=\"https:\/\/cafecommessias.com.br\/wp-content\/uploads\/2025\/07\/Banner-REFIS-1300x200px-PRORROGADO-3-1024x158.gif 1024w, https:\/\/cafecommessias.com.br\/wp-content\/uploads\/2025\/07\/Banner-REFIS-1300x200px-PRORROGADO-3-300x46.gif 300w, https:\/\/cafecommessias.com.br\/wp-content\/uploads\/2025\/07\/Banner-REFIS-1300x200px-PRORROGADO-3-768x118.gif 768w\" sizes=\"auto, (max-width: 1024px) 100vw, 1024px\" \/><\/a><\/figure>\n\n\n\n<p><\/p>\n","protected":false},"excerpt":{"rendered":"<p>O governador de S\u00e3o Paulo, Tarc\u00edsio de Freitas (Republicanos), responsabilizou o presidente Lula (PT) e pediu negocia\u00e7\u00e3o ap\u00f3s o an\u00fancio do presidente dos Estados Unidos, Donald Trump, de aumento das tarifas a produtos brasileiros. \u201cLula colocou sua ideologia acima da economia, e esse \u00e9 o resultado\u201d, escreveu Tarc\u00edsio em um post no X. \u201cTiveram tempo&#8230;<\/p>\n","protected":false},"author":1,"featured_media":78,"comment_status":"closed","ping_status":"closed","sticky":false,"template":"","format":"standard","meta":{"footnotes":""},"categories":[4,6],"tags":[],"class_list":["post-77","post","type-post","status-publish","format-standard","has-post-thumbnail","hentry","category-anuncie-aqui","category-politica"],"_links":{"self":[{"href":"https:\/\/cafecommessias.com.br\/index.php?rest_route=\/wp\/v2\/posts\/77","targetHints":{"allow":["GET"]}}],"collection":[{"href":"https:\/\/cafecommessias.com.br\/index.php?rest_route=\/wp\/v2\/posts"}],"about":[{"href":"https:\/\/cafecommessias.com.br\/index.php?rest_route=\/wp\/v2\/types\/post"}],"author":[{"embeddable":true,"href":"https:\/\/cafecommessias.com.br\/index.php?rest_route=\/wp\/v2\/users\/1"}],"replies":[{"embeddable":true,"href":"https:\/\/cafecommessias.com.br\/index.php?rest_route=%2Fwp%2Fv2%2Fcomments&post=77"}],"version-history":[{"count":4,"href":"https:\/\/cafecommessias.com.br\/index.php?rest_route=\/wp\/v2\/posts\/77\/revisions"}],"predecessor-version":[{"id":1497,"href":"https:\/\/cafecommessias.com.br\/index.php?rest_route=\/wp\/v2\/posts\/77\/revisions\/1497"}],"wp:featuredmedia":[{"embeddable":true,"href":"https:\/\/cafecommessias.com.br\/index.php?rest_route=\/wp\/v2\/media\/78"}],"wp:attachment":[{"href":"https:\/\/cafecommessias.com.br\/index.php?rest_route=%2Fwp%2Fv2%2Fmedia&parent=77"}],"wp:term":[{"taxonomy":"category","embeddable":true,"href":"https:\/\/cafecommessias.com.br\/index.php?rest_route=%2Fwp%2Fv2%2Fcategories&post=77"},{"taxonomy":"post_tag","embeddable":true,"href":"https:\/\/cafecommessias.com.br\/index.php?rest_route=%2Fwp%2Fv2%2Ftags&post=77"}],"curies":[{"name":"wp","href":"https:\/\/api.w.org\/{rel}","templated":true}]}}