{"id":7714,"date":"2026-01-05T08:11:28","date_gmt":"2026-01-05T11:11:28","guid":{"rendered":"https:\/\/cafecommessias.com.br\/?p=7714"},"modified":"2026-01-05T08:12:36","modified_gmt":"2026-01-05T11:12:36","slug":"apos-ataque-na-venezuela-trump-diz-que-operacao-na-colombia-seria-boa-ideia-e-critica-petro","status":"publish","type":"post","link":"https:\/\/cafecommessias.com.br\/?p=7714","title":{"rendered":"Ap\u00f3s ataque na Venezuela, Trump diz que opera\u00e7\u00e3o na Col\u00f4mbia seria \u2018boa ideia\u2019 e critica Petro"},"content":{"rendered":"\n<p>O presidente dos Estados Unidos, Donald Trump, amea\u00e7ou neste domingo (4) a Col\u00f4mbia com uma poss\u00edvel a\u00e7\u00e3o militar, um dia ap\u00f3s a ofensiva americana na Venezuela que resultou na captura de Nicol\u00e1s Maduro e de sua esposa.<\/p>\n\n\n\n<p>Em declara\u00e7\u00f5es a jornalistas a bordo do avi\u00e3o presidencial, Trump criticou o presidente colombiano, Gustavo Petro, acusando o pa\u00eds de produzir e exportar coca\u00edna para os EUA. \u201cEle n\u00e3o vai continuar fazendo isso por muito tempo\u201d, afirmou.<\/p>\n\n\n\n<p>Questionado sobre uma eventual opera\u00e7\u00e3o militar, Trump disse que uma \u201cOpera\u00e7\u00e3o Col\u00f4mbia\u201d seria \u201cuma boa ideia\u201d. O presidente americano tamb\u00e9m mencionou o M\u00e9xico, ao citar o tr\u00e1fico de drogas, e afirmou que Cuba \u201cparece prestes a ruir\u201d sem necessidade de interven\u00e7\u00e3o externa.<\/p>\n\n\n\n<p class=\"has-text-align-center\"><strong><em>PUBLICIDADE<\/em><\/strong><\/p>\n\n\n\n<figure class=\"wp-block-image size-full\"><img loading=\"lazy\" decoding=\"async\" width=\"790\" height=\"200\" src=\"https:\/\/cafecommessias.com.br\/wp-content\/uploads\/2025\/11\/790x200px_Estado.png\" alt=\"\" class=\"wp-image-6424\" srcset=\"https:\/\/cafecommessias.com.br\/wp-content\/uploads\/2025\/11\/790x200px_Estado.png 790w, https:\/\/cafecommessias.com.br\/wp-content\/uploads\/2025\/11\/790x200px_Estado-300x76.png 300w, https:\/\/cafecommessias.com.br\/wp-content\/uploads\/2025\/11\/790x200px_Estado-768x194.png 768w\" sizes=\"auto, (max-width: 790px) 100vw, 790px\" \/><\/figure>\n","protected":false},"excerpt":{"rendered":"<p>O presidente dos Estados Unidos, Donald Trump, amea\u00e7ou neste domingo (4) a Col\u00f4mbia com uma poss\u00edvel a\u00e7\u00e3o militar, um dia ap\u00f3s a ofensiva americana na Venezuela que resultou na captura de Nicol\u00e1s Maduro e de sua esposa. Em declara\u00e7\u00f5es a jornalistas a bordo do avi\u00e3o presidencial, Trump criticou o presidente colombiano, Gustavo Petro, acusando o&#8230;<\/p>\n","protected":false},"author":1,"featured_media":7715,"comment_status":"open","ping_status":"closed","sticky":false,"template":"","format":"standard","meta":{"footnotes":""},"categories":[4,3],"tags":[],"class_list":["post-7714","post","type-post","status-publish","format-standard","has-post-thumbnail","hentry","category-anuncie-aqui","category-geral"],"_links":{"self":[{"href":"https:\/\/cafecommessias.com.br\/index.php?rest_route=\/wp\/v2\/posts\/7714","targetHints":{"allow":["GET"]}}],"collection":[{"href":"https:\/\/cafecommessias.com.br\/index.php?rest_route=\/wp\/v2\/posts"}],"about":[{"href":"https:\/\/cafecommessias.com.br\/index.php?rest_route=\/wp\/v2\/types\/post"}],"author":[{"embeddable":true,"href":"https:\/\/cafecommessias.com.br\/index.php?rest_route=\/wp\/v2\/users\/1"}],"replies":[{"embeddable":true,"href":"https:\/\/cafecommessias.com.br\/index.php?rest_route=%2Fwp%2Fv2%2Fcomments&post=7714"}],"version-history":[{"count":2,"href":"https:\/\/cafecommessias.com.br\/index.php?rest_route=\/wp\/v2\/posts\/7714\/revisions"}],"predecessor-version":[{"id":7718,"href":"https:\/\/cafecommessias.com.br\/index.php?rest_route=\/wp\/v2\/posts\/7714\/revisions\/7718"}],"wp:featuredmedia":[{"embeddable":true,"href":"https:\/\/cafecommessias.com.br\/index.php?rest_route=\/wp\/v2\/media\/7715"}],"wp:attachment":[{"href":"https:\/\/cafecommessias.com.br\/index.php?rest_route=%2Fwp%2Fv2%2Fmedia&parent=7714"}],"wp:term":[{"taxonomy":"category","embeddable":true,"href":"https:\/\/cafecommessias.com.br\/index.php?rest_route=%2Fwp%2Fv2%2Fcategories&post=7714"},{"taxonomy":"post_tag","embeddable":true,"href":"https:\/\/cafecommessias.com.br\/index.php?rest_route=%2Fwp%2Fv2%2Ftags&post=7714"}],"curies":[{"name":"wp","href":"https:\/\/api.w.org\/{rel}","templated":true}]}}