{"id":7722,"date":"2026-01-05T08:18:22","date_gmt":"2026-01-05T11:18:22","guid":{"rendered":"https:\/\/cafecommessias.com.br\/?p=7722"},"modified":"2026-01-05T08:18:36","modified_gmt":"2026-01-05T11:18:36","slug":"touros-conquista-holofotes-da-regiao-e-mostra-que-sao-miguel-do-gostoso-ficou-parado-no-tempo","status":"publish","type":"post","link":"https:\/\/cafecommessias.com.br\/?p=7722","title":{"rendered":"Touros conquista holofotes da regi\u00e3o e mostra que S\u00e3o Miguel do Gostoso ficou parado no tempo"},"content":{"rendered":"\n<p>Touros fechou na \u00faltima quarta-feira (01) seu evento de r\u00e9veillon com grande estilo, diga-se de passagem, foram dois dias com presen\u00e7a de milhares de pessoas e que chamou a aten\u00e7\u00e3o de toda a regi\u00e3o com atra\u00e7\u00f5es de m\u00e9dio e grande porte. Incluindo a\u00ed Batista Lima, que teve seu\u00a0show cancelado em S\u00e3o Miguel do Gostoso.<\/p>\n\n\n\n<p>Se formos comparar com o evento gostosense \u00e9 de uma diferen\u00e7a absurda. A estrutura, o n\u00edvel de artistas contratados e at\u00e9 mesmo o cuidado em buscar organizar o m\u00ednimo que seria a queima de fogos junto com a boa e velha contagem da virada \u2013 Nem isso teve em S\u00e3o Miguel.<\/p>\n\n\n\n<p>O detalhe mesmo de toda essa situa\u00e7\u00e3o \u00e9 que Touros acordou novamente para o turismo e aproveitou a chancela de uma gest\u00e3o que aparenta ter uma equipe boa e fortemente articulada com os ideais do seu prefeito Pedro Filho.<\/p>\n\n\n\n<p>Voc\u00ea deve estar achando estranho esse blog estar falando de Touros, sendo que nossa linha editorial \u00e9 gostosense\u2026 Mas \u00e9 justamente porque Touros hoje est\u00e1 dando uma aula de potencial que h\u00e1 alguns anos era de Gostoso.<\/p>\n\n\n\n<p>At\u00e9 podemos considerar que algumas gest\u00f5es tourenses passadas ignoraram datas fortes da cidade como o Padroeiro e o pr\u00f3prio Carnaval, que era tido como um dos melhores da regi\u00e3o do Mato Grande, e isso ajudou no enfraquecimento tur\u00edstico. Por\u00e9m hoje podemos dizer que houve uma revitaliza\u00e7\u00e3o dessas tradi\u00e7\u00f5es e isso foi ben\u00e9fico.<\/p>\n\n\n\n<p>Um outro detalhe que pode parecer rid\u00edculo, mas que faz toda a diferen\u00e7a \u00e9 por exemplo S\u00e3o Miguel do Gostoso n\u00e3o ter uma ag\u00eancia banc\u00e1ria sendo um polo tur\u00edstico. Tudo nesse sentido tem que ser resolvido em Touros, o que n\u00e3o deixa de ser uma tremenda vergonha.<\/p>\n\n\n\n<p>A cidade onde o vento faz a curva n\u00e3o possui um projeto de infraestrutura, n\u00e3o pensa em um calend\u00e1rio de eventos que fomente o turismo atraindo nossos vizinhos, n\u00e3o tem uma articula\u00e7\u00e3o s\u00e9ria e confi\u00e1vel com os demais setores.<\/p>\n\n\n\n<p>N\u00e3o vamos ser hip\u00f3critas de n\u00e3o reconhecer que a\u00e7\u00f5es como a Cosern colocar uma subesta\u00e7\u00e3o aqui vai ajudar demais ou at\u00e9 mesmo a visita do Marcos Mion que come\u00e7a a ser exibida no pr\u00f3ximo dia 03 em seu programa vai dar mais destaque a cidade, mas \u00e9 pouco diante de tantas oportunidades de crescimento s\u00f3lido que se pode almejar.<\/p>\n\n\n\n<p>O que faz Gostoso se manter vivo e relevante \u00e9 que a cidade se vende por suas belezas naturais e uma fama garimpada ao longo do tempo (com direito a muita publi da Emprotur tamb\u00e9m) porque sentimentalmente a cidade parece a mesma de 10 a 15 anos atr\u00e1s. Problemas cr\u00f4nicos que insistem em n\u00e3o olharem.<\/p>\n\n\n\n<p><em><sub>Fonte:\u00a0O contador de Causos<\/sub><\/em><\/p>\n\n\n\n<p><\/p>\n","protected":false},"excerpt":{"rendered":"<p>Touros fechou na \u00faltima quarta-feira (01) seu evento de r\u00e9veillon com grande estilo, diga-se de passagem, foram dois dias com presen\u00e7a de milhares de pessoas e que chamou a aten\u00e7\u00e3o de toda a regi\u00e3o com atra\u00e7\u00f5es de m\u00e9dio e grande porte. Incluindo a\u00ed Batista Lima, que teve seu\u00a0show cancelado em S\u00e3o Miguel do Gostoso. Se&#8230;<\/p>\n","protected":false},"author":1,"featured_media":7723,"comment_status":"open","ping_status":"closed","sticky":false,"template":"","format":"standard","meta":{"footnotes":""},"categories":[8],"tags":[],"class_list":["post-7722","post","type-post","status-publish","format-standard","has-post-thumbnail","hentry","category-cidades"],"_links":{"self":[{"href":"https:\/\/cafecommessias.com.br\/index.php?rest_route=\/wp\/v2\/posts\/7722","targetHints":{"allow":["GET"]}}],"collection":[{"href":"https:\/\/cafecommessias.com.br\/index.php?rest_route=\/wp\/v2\/posts"}],"about":[{"href":"https:\/\/cafecommessias.com.br\/index.php?rest_route=\/wp\/v2\/types\/post"}],"author":[{"embeddable":true,"href":"https:\/\/cafecommessias.com.br\/index.php?rest_route=\/wp\/v2\/users\/1"}],"replies":[{"embeddable":true,"href":"https:\/\/cafecommessias.com.br\/index.php?rest_route=%2Fwp%2Fv2%2Fcomments&post=7722"}],"version-history":[{"count":1,"href":"https:\/\/cafecommessias.com.br\/index.php?rest_route=\/wp\/v2\/posts\/7722\/revisions"}],"predecessor-version":[{"id":7724,"href":"https:\/\/cafecommessias.com.br\/index.php?rest_route=\/wp\/v2\/posts\/7722\/revisions\/7724"}],"wp:featuredmedia":[{"embeddable":true,"href":"https:\/\/cafecommessias.com.br\/index.php?rest_route=\/wp\/v2\/media\/7723"}],"wp:attachment":[{"href":"https:\/\/cafecommessias.com.br\/index.php?rest_route=%2Fwp%2Fv2%2Fmedia&parent=7722"}],"wp:term":[{"taxonomy":"category","embeddable":true,"href":"https:\/\/cafecommessias.com.br\/index.php?rest_route=%2Fwp%2Fv2%2Fcategories&post=7722"},{"taxonomy":"post_tag","embeddable":true,"href":"https:\/\/cafecommessias.com.br\/index.php?rest_route=%2Fwp%2Fv2%2Ftags&post=7722"}],"curies":[{"name":"wp","href":"https:\/\/api.w.org\/{rel}","templated":true}]}}