{"id":7725,"date":"2026-01-05T08:23:52","date_gmt":"2026-01-05T11:23:52","guid":{"rendered":"https:\/\/cafecommessias.com.br\/?p=7725"},"modified":"2026-01-05T08:24:04","modified_gmt":"2026-01-05T11:24:04","slug":"stf-tera-evento-para-lembrar-3-anos-de-atos-golpistas-de-8-de-janeiro","status":"publish","type":"post","link":"https:\/\/cafecommessias.com.br\/?p=7725","title":{"rendered":"STF ter\u00e1 evento para lembrar 3 anos de atos golpistas de 8 de janeiro"},"content":{"rendered":"\n<p>O Supremo Tribunal Federal (STF) promove, no pr\u00f3ximo dia 8 de janeiro, em Bras\u00edlia, evento para relembrar os atos golpistas de tr\u00eas anos atr\u00e1s, quando alguns milhares de apoiadores do ex-presidente Jair Bolsonaro \u2013 exigindo um golpe militar \u2013 invadiram e depredaram pr\u00e9dios dos poderes na capital da Rep\u00fablica. &nbsp;<img decoding=\"async\" src=\"https:\/\/agenciabrasil.ebc.com.br\/ebc.png?id=1673979&amp;o=node\"><img decoding=\"async\" src=\"https:\/\/agenciabrasil.ebc.com.br\/ebc.gif?id=1673979&amp;o=node\"><\/p>\n\n\n\n<p>Para marcar a data, a Suprema Corte realiza o evento \u201cDemocracia Inabalada: 8 de janeiro \u2013 Um dia para n\u00e3o esquecer\u201d. A programa\u00e7\u00e3o inclui a abertura de uma exposi\u00e7\u00e3o, a exibi\u00e7\u00e3o de um document\u00e1rio, uma roda de conversa com jornalistas e uma mesa de debate.<\/p>\n\n\n\n<p>No in\u00edcio da tarde de 8 de janeiro haver\u00e1 a abertura da exposi\u00e7\u00e3o \u201c8 de janeiro: M\u00e3os da Reconstru\u00e7\u00e3o\u201d, a ser exibida no Espa\u00e7o do Servidor, no STF.<\/p>\n\n\n\n<p><strong>Em seguida, ser\u00e1 exibido o document\u00e1rio \u201cDemocracia Inabalada: M\u00e3os da Reconstru\u00e7\u00e3o\u201d no Museu do pr\u00f3prio tribunal.<\/strong><\/p>\n\n\n\n<p>A programa\u00e7\u00e3o segue com uma roda de conversa com profissionais da imprensa sobre o tema, tamb\u00e9m no Museu do STF, e finaliza com a mesa-redonda \u201cUm dia para n\u00e3o esquecer\u201d, no sal\u00e3o nobre do Supremo.<\/p>\n\n\n\n<p><em><sub>Por\u00a0Ag\u00eancia Brasil<\/sub><\/em><\/p>\n\n\n\n<p class=\"has-text-align-center\"><strong><em>PUBLICIDADE<\/em><\/strong><\/p>\n\n\n\n<figure class=\"wp-block-image size-large\"><img loading=\"lazy\" decoding=\"async\" width=\"1024\" height=\"1024\" src=\"https:\/\/cafecommessias.com.br\/wp-content\/uploads\/2025\/08\/carrosel-prefeitura_02-1-1024x1024.jpg\" alt=\"\" class=\"wp-image-2349\" srcset=\"https:\/\/cafecommessias.com.br\/wp-content\/uploads\/2025\/08\/carrosel-prefeitura_02-1-1024x1024.jpg 1024w, https:\/\/cafecommessias.com.br\/wp-content\/uploads\/2025\/08\/carrosel-prefeitura_02-1-300x300.jpg 300w, https:\/\/cafecommessias.com.br\/wp-content\/uploads\/2025\/08\/carrosel-prefeitura_02-1-150x150.jpg 150w, https:\/\/cafecommessias.com.br\/wp-content\/uploads\/2025\/08\/carrosel-prefeitura_02-1-768x768.jpg 768w, https:\/\/cafecommessias.com.br\/wp-content\/uploads\/2025\/08\/carrosel-prefeitura_02-1.jpg 1080w\" sizes=\"auto, (max-width: 1024px) 100vw, 1024px\" \/><\/figure>\n","protected":false},"excerpt":{"rendered":"<p>O Supremo Tribunal Federal (STF) promove, no pr\u00f3ximo dia 8 de janeiro, em Bras\u00edlia, evento para relembrar os atos golpistas de tr\u00eas anos atr\u00e1s, quando alguns milhares de apoiadores do ex-presidente Jair Bolsonaro \u2013 exigindo um golpe militar \u2013 invadiram e depredaram pr\u00e9dios dos poderes na capital da Rep\u00fablica. &nbsp; Para marcar a data, a&#8230;<\/p>\n","protected":false},"author":1,"featured_media":7726,"comment_status":"open","ping_status":"closed","sticky":false,"template":"","format":"standard","meta":{"footnotes":""},"categories":[4,31],"tags":[],"class_list":["post-7725","post","type-post","status-publish","format-standard","has-post-thumbnail","hentry","category-anuncie-aqui","category-golpe"],"_links":{"self":[{"href":"https:\/\/cafecommessias.com.br\/index.php?rest_route=\/wp\/v2\/posts\/7725","targetHints":{"allow":["GET"]}}],"collection":[{"href":"https:\/\/cafecommessias.com.br\/index.php?rest_route=\/wp\/v2\/posts"}],"about":[{"href":"https:\/\/cafecommessias.com.br\/index.php?rest_route=\/wp\/v2\/types\/post"}],"author":[{"embeddable":true,"href":"https:\/\/cafecommessias.com.br\/index.php?rest_route=\/wp\/v2\/users\/1"}],"replies":[{"embeddable":true,"href":"https:\/\/cafecommessias.com.br\/index.php?rest_route=%2Fwp%2Fv2%2Fcomments&post=7725"}],"version-history":[{"count":1,"href":"https:\/\/cafecommessias.com.br\/index.php?rest_route=\/wp\/v2\/posts\/7725\/revisions"}],"predecessor-version":[{"id":7727,"href":"https:\/\/cafecommessias.com.br\/index.php?rest_route=\/wp\/v2\/posts\/7725\/revisions\/7727"}],"wp:featuredmedia":[{"embeddable":true,"href":"https:\/\/cafecommessias.com.br\/index.php?rest_route=\/wp\/v2\/media\/7726"}],"wp:attachment":[{"href":"https:\/\/cafecommessias.com.br\/index.php?rest_route=%2Fwp%2Fv2%2Fmedia&parent=7725"}],"wp:term":[{"taxonomy":"category","embeddable":true,"href":"https:\/\/cafecommessias.com.br\/index.php?rest_route=%2Fwp%2Fv2%2Fcategories&post=7725"},{"taxonomy":"post_tag","embeddable":true,"href":"https:\/\/cafecommessias.com.br\/index.php?rest_route=%2Fwp%2Fv2%2Ftags&post=7725"}],"curies":[{"name":"wp","href":"https:\/\/api.w.org\/{rel}","templated":true}]}}