{"id":7728,"date":"2026-01-05T08:28:14","date_gmt":"2026-01-05T11:28:14","guid":{"rendered":"https:\/\/cafecommessias.com.br\/?p=7728"},"modified":"2026-01-05T08:28:26","modified_gmt":"2026-01-05T11:28:26","slug":"trump-diz-que-ira-pode-ser-atingido-com-muita-forca-em-meio-a-protestos","status":"publish","type":"post","link":"https:\/\/cafecommessias.com.br\/?p=7728","title":{"rendered":"Trump diz que Ir\u00e3 pode ser \u201catingido com muita for\u00e7a\u201d em meio a protestos"},"content":{"rendered":"\n<p>O presidente dos Estados Unidos, Donald Trump, alertou o Ir\u00e3 no domingo (4) sobre uma forte resposta caso as for\u00e7as de seguran\u00e7a intensifiquem a viol\u00eancia contra os manifestantes no pa\u00eds do Oriente M\u00e9dio.<\/p>\n\n\n\n<p>\u201cEstamos acompanhando de perto. Se eles come\u00e7arem a matar pessoas como fizeram no passado, acho que ser\u00e3o duramente atingidos pelos Estados Unidos\u201d, declarou Trump a rep\u00f3rteres ao ser questionado sobre os protestos no Ir\u00e3.<\/p>\n\n\n\n<p>Pelo menos 16 pessoas foram mortas durante uma semana de manifesta\u00e7\u00f5es no pa\u00eds, segundo grupos de direitos humanos no domingo, enquanto as manifesta\u00e7\u00f5es contra a infla\u00e7\u00e3o crescente se espalhavam pelo pa\u00eds, provocando confrontos violentos entre manifestantes e for\u00e7as de seguran\u00e7a.<\/p>\n\n\n\n<p>Trump havia amea\u00e7ado anteriormente ajudar os manifestantes caso enfrentassem viol\u00eancia, dizendo na sexta-feira (2): \u201cEstamos prontos para agir\u201d, sem especificar quais a\u00e7\u00f5es estava considerando.<\/p>\n\n\n\n<p>Essa advert\u00eancia provocou amea\u00e7as de retalia\u00e7\u00e3o contra as for\u00e7as americanas na regi\u00e3o por parte de altos funcion\u00e1rios iranianos. O L\u00edder Supremo, Aiatol\u00e1 Ali Khamenei, afirmou que o Ir\u00e3 \u201cn\u00e3o se render\u00e1 ao inimigo\u201d.<\/p>\n\n\n\n<p><em><sub>Por CNN<\/sub><\/em><\/p>\n\n\n\n<p><\/p>\n","protected":false},"excerpt":{"rendered":"<p>O presidente dos Estados Unidos, Donald Trump, alertou o Ir\u00e3 no domingo (4) sobre uma forte resposta caso as for\u00e7as de seguran\u00e7a intensifiquem a viol\u00eancia contra os manifestantes no pa\u00eds do Oriente M\u00e9dio. \u201cEstamos acompanhando de perto. Se eles come\u00e7arem a matar pessoas como fizeram no passado, acho que ser\u00e3o duramente atingidos pelos Estados Unidos\u201d,&#8230;<\/p>\n","protected":false},"author":1,"featured_media":7729,"comment_status":"open","ping_status":"closed","sticky":false,"template":"","format":"standard","meta":{"footnotes":""},"categories":[2],"tags":[],"class_list":["post-7728","post","type-post","status-publish","format-standard","has-post-thumbnail","hentry","category-internacional"],"_links":{"self":[{"href":"https:\/\/cafecommessias.com.br\/index.php?rest_route=\/wp\/v2\/posts\/7728","targetHints":{"allow":["GET"]}}],"collection":[{"href":"https:\/\/cafecommessias.com.br\/index.php?rest_route=\/wp\/v2\/posts"}],"about":[{"href":"https:\/\/cafecommessias.com.br\/index.php?rest_route=\/wp\/v2\/types\/post"}],"author":[{"embeddable":true,"href":"https:\/\/cafecommessias.com.br\/index.php?rest_route=\/wp\/v2\/users\/1"}],"replies":[{"embeddable":true,"href":"https:\/\/cafecommessias.com.br\/index.php?rest_route=%2Fwp%2Fv2%2Fcomments&post=7728"}],"version-history":[{"count":1,"href":"https:\/\/cafecommessias.com.br\/index.php?rest_route=\/wp\/v2\/posts\/7728\/revisions"}],"predecessor-version":[{"id":7730,"href":"https:\/\/cafecommessias.com.br\/index.php?rest_route=\/wp\/v2\/posts\/7728\/revisions\/7730"}],"wp:featuredmedia":[{"embeddable":true,"href":"https:\/\/cafecommessias.com.br\/index.php?rest_route=\/wp\/v2\/media\/7729"}],"wp:attachment":[{"href":"https:\/\/cafecommessias.com.br\/index.php?rest_route=%2Fwp%2Fv2%2Fmedia&parent=7728"}],"wp:term":[{"taxonomy":"category","embeddable":true,"href":"https:\/\/cafecommessias.com.br\/index.php?rest_route=%2Fwp%2Fv2%2Fcategories&post=7728"},{"taxonomy":"post_tag","embeddable":true,"href":"https:\/\/cafecommessias.com.br\/index.php?rest_route=%2Fwp%2Fv2%2Ftags&post=7728"}],"curies":[{"name":"wp","href":"https:\/\/api.w.org\/{rel}","templated":true}]}}