{"id":7736,"date":"2026-01-05T08:36:05","date_gmt":"2026-01-05T11:36:05","guid":{"rendered":"https:\/\/cafecommessias.com.br\/?p=7736"},"modified":"2026-01-05T08:36:19","modified_gmt":"2026-01-05T11:36:19","slug":"presidente-interina-da-venezuela-delcy-rodriguez-fala-em-trabalhar-junto-com-os-eua","status":"publish","type":"post","link":"https:\/\/cafecommessias.com.br\/?p=7736","title":{"rendered":"Presidente interina da Venezuela, Delcy Rodr\u00edguez, fala em trabalhar \u2018junto\u2019 com os EUA"},"content":{"rendered":"\n<p>A presidente interina da Venezuela, Delcy Rodr\u00edguez, afirmou que pretende dialogar com os Estados Unidos para construir uma agenda de coopera\u00e7\u00e3o baseada no desenvolvimento compartilhado e no respeito ao direito internacional. Segundo ela, a prioridade \u00e9 estabelecer rela\u00e7\u00f5es equilibradas, com respeito \u00e0 soberania e sem interfer\u00eancia externa e fez um convite a trabalharem \u2018juntos\u2019 por isso.<\/p>\n\n\n\n<p>Com a captura de Nicol\u00e1s Maduro por for\u00e7as americanas durante uma opera\u00e7\u00e3o militar em Caracas, na madrugada de s\u00e1bado (3), Delcy passou a atuar como presidente em exerc\u00edcio. No domingo (4), ela recebeu apoio das For\u00e7as Armadas venezuelanas. O presidente dos EUA, Donald Trump advertiu que novos ataques podem ocorrer caso o governo venezuelano \u201cn\u00e3o fa\u00e7a a coisa certa\u201d.<\/p>\n\n\n\n<p><strong>Leia a \u00edntegra da declara\u00e7\u00e3o (traduzida para o portugu\u00eas):<\/strong><\/p>\n\n\n\n<p><em>\u201cMensagem da Venezuela ao mundo e aos Estados Unidos<\/em><\/p>\n\n\n\n<p><em>A Venezuela reafirma seu compromisso com a paz e a coexist\u00eancia pac\u00edfica. Nosso pa\u00eds aspira a viver sem amea\u00e7as externas, em um ambiente de respeito e coopera\u00e7\u00e3o internacional. Acreditamos que a paz global se constr\u00f3i garantindo, primeiro, a paz de cada na\u00e7\u00e3o.<\/em><\/p>\n\n\n\n<p><em>Consideramos priorit\u00e1rio avan\u00e7ar rumo a uma rela\u00e7\u00e3o internacional equilibrada e respeitosa entre os Estados Unidos e a Venezuela, e entre a Venezuela e os pa\u00edses da regi\u00e3o, baseada na igualdade soberana e na n\u00e3o interfer\u00eancia. Esses princ\u00edpios norteiam nossa diplomacia com o resto do mundo<\/em><\/p>\n\n\n\n<p><em>Estendemos um convite ao governo dos EUA para trabalharmos juntos em uma agenda de coopera\u00e7\u00e3o, orientada para o desenvolvimento compartilhado, dentro da estrutura do direito internacional, e para fortalecer uma coexist\u00eancia comunit\u00e1ria duradoura.<\/em><\/p>\n\n\n\n<p><em>Presidente Donald Trump: nossos povos e nossa regi\u00e3o merecem a paz e o di\u00e1logo, n\u00e3o a guerra. Essa sempre foi a posi\u00e7\u00e3o do presidente Nicol\u00e1s Maduro e \u00e9 a de toda a Venezuela neste momento. Essa \u00e9 a Venezuela em que acredito, \u00e0 qual dediquei minha vida. Meu sonho \u00e9 que a Venezuela seja uma grande pot\u00eancia onde todos os venezuelanos de bem estejam unidos.<\/em><\/p>\n\n\n\n<p><em>A Venezuela tem direito \u00e0 paz, ao desenvolvimento, \u00e0 soberania e a um futuro.<\/em><\/p>\n\n\n\n<p><em>Delcy Rodr\u00edguez, presidente interina da Rep\u00fablica Bolivariana da Venezuela\u201d<\/em><\/p>\n\n\n\n<p><\/p>\n","protected":false},"excerpt":{"rendered":"<p>A presidente interina da Venezuela, Delcy Rodr\u00edguez, afirmou que pretende dialogar com os Estados Unidos para construir uma agenda de coopera\u00e7\u00e3o baseada no desenvolvimento compartilhado e no respeito ao direito internacional. Segundo ela, a prioridade \u00e9 estabelecer rela\u00e7\u00f5es equilibradas, com respeito \u00e0 soberania e sem interfer\u00eancia externa e fez um convite a trabalharem \u2018juntos\u2019 por&#8230;<\/p>\n","protected":false},"author":1,"featured_media":7737,"comment_status":"open","ping_status":"closed","sticky":false,"template":"","format":"standard","meta":{"footnotes":""},"categories":[2],"tags":[],"class_list":["post-7736","post","type-post","status-publish","format-standard","has-post-thumbnail","hentry","category-internacional"],"_links":{"self":[{"href":"https:\/\/cafecommessias.com.br\/index.php?rest_route=\/wp\/v2\/posts\/7736","targetHints":{"allow":["GET"]}}],"collection":[{"href":"https:\/\/cafecommessias.com.br\/index.php?rest_route=\/wp\/v2\/posts"}],"about":[{"href":"https:\/\/cafecommessias.com.br\/index.php?rest_route=\/wp\/v2\/types\/post"}],"author":[{"embeddable":true,"href":"https:\/\/cafecommessias.com.br\/index.php?rest_route=\/wp\/v2\/users\/1"}],"replies":[{"embeddable":true,"href":"https:\/\/cafecommessias.com.br\/index.php?rest_route=%2Fwp%2Fv2%2Fcomments&post=7736"}],"version-history":[{"count":1,"href":"https:\/\/cafecommessias.com.br\/index.php?rest_route=\/wp\/v2\/posts\/7736\/revisions"}],"predecessor-version":[{"id":7738,"href":"https:\/\/cafecommessias.com.br\/index.php?rest_route=\/wp\/v2\/posts\/7736\/revisions\/7738"}],"wp:featuredmedia":[{"embeddable":true,"href":"https:\/\/cafecommessias.com.br\/index.php?rest_route=\/wp\/v2\/media\/7737"}],"wp:attachment":[{"href":"https:\/\/cafecommessias.com.br\/index.php?rest_route=%2Fwp%2Fv2%2Fmedia&parent=7736"}],"wp:term":[{"taxonomy":"category","embeddable":true,"href":"https:\/\/cafecommessias.com.br\/index.php?rest_route=%2Fwp%2Fv2%2Fcategories&post=7736"},{"taxonomy":"post_tag","embeddable":true,"href":"https:\/\/cafecommessias.com.br\/index.php?rest_route=%2Fwp%2Fv2%2Ftags&post=7736"}],"curies":[{"name":"wp","href":"https:\/\/api.w.org\/{rel}","templated":true}]}}