{"id":7793,"date":"2026-01-06T08:59:51","date_gmt":"2026-01-06T11:59:51","guid":{"rendered":"https:\/\/cafecommessias.com.br\/?p=7793"},"modified":"2026-01-06T09:01:32","modified_gmt":"2026-01-06T12:01:32","slug":"onu-diz-que-operacao-de-captura-de-maduro-pelos-eua-na-venezuela-violou-principio-fundamental-do-direito-internacional","status":"publish","type":"post","link":"https:\/\/cafecommessias.com.br\/?p=7793","title":{"rendered":"ONU diz que opera\u00e7\u00e3o de captura de Maduro pelos EUA na Venezuela violou \u2018princ\u00edpio fundamental\u2019 do direito internacional"},"content":{"rendered":"\n<p>A ONU afirmou nesta ter\u00e7a-feira (6) que a opera\u00e7\u00e3o militar dos Estados Unidos em Caracas, que resultou na captura do presidente venezuelano Nicol\u00e1s Maduro, violou princ\u00edpios fundamentais do direito internacional.<\/p>\n\n\n\n<p>\u201cOs Estados n\u00e3o devem amea\u00e7ar nem usar a for\u00e7a contra a integridade territorial ou a independ\u00eancia pol\u00edtica de qualquer Estado\u201d, disse Ravina Shamdasani, porta-voz do escrit\u00f3rio de direitos humanos da ONU.<\/p>\n\n\n\n<p>A declara\u00e7\u00e3o ocorre tr\u00eas dias ap\u00f3s a a\u00e7\u00e3o dos EUA, realizada no s\u00e1bado (3), quando a capital venezuelana foi alvo de explos\u00f5es durante a opera\u00e7\u00e3o para prender Maduro. Trata-se do posicionamento mais duro da ONU at\u00e9 agora; anteriormente, o organismo havia se limitado a manifestar preocupa\u00e7\u00e3o e pedir desescalada.<\/p>\n\n\n\n<p>A ofensiva norte-americana foi condenada por diversos pa\u00edses. R\u00fassia e China, aliados de Maduro, refor\u00e7aram cr\u00edticas em reuni\u00e3o de emerg\u00eancia do Conselho de Seguran\u00e7a na segunda-feira (5). Pequim classificou a a\u00e7\u00e3o como \u201cbullying\u201d, enquanto Moscou chamou o governo Trump de \u201chip\u00f3crita e c\u00ednico\u201d.<\/p>\n\n\n\n<p>A Casa Branca afirmou que a opera\u00e7\u00e3o foi uma a\u00e7\u00e3o de \u201ccumprimento da lei\u201d, destinada a apoiar o Departamento de Justi\u00e7a dos EUA na execu\u00e7\u00e3o de um mandado de pris\u00e3o contra Maduro. Especialistas indicam, no entanto, que a legalidade da a\u00e7\u00e3o dever\u00e1 ser contestada e que normas da ONU sobre o uso da for\u00e7a teriam sido violadas.<\/p>\n\n\n\n<p><a href=\"https:\/\/www.blogdobg.com.br\/onu-diz-que-operacao-de-captura-de-maduro-pelos-eua-na-venezuela-violou-principio-fundamental-do-direito-internacional\/#comentarios\"><\/a><\/p>\n\n\n\n<p class=\"has-text-align-center\"><strong><em>PUBLICIDADE<\/em><\/strong><\/p>\n\n\n\n<figure class=\"wp-block-image size-full\"><img loading=\"lazy\" decoding=\"async\" width=\"750\" height=\"200\" src=\"https:\/\/cafecommessias.com.br\/wp-content\/uploads\/2025\/12\/sicred.gif\" alt=\"\" class=\"wp-image-5759\"\/><\/figure>\n\n\n\n<p class=\"has-text-align-center\"><a href=\"tg:\/\/msg?text=https%3A%2F%2Fwww.blogdobg.com.br%2Fonu-diz-que-operacao-de-captura-de-maduro-pelos-eua-na-venezuela-violou-principio-fundamental-do-direito-internacional%2F%20ONU%20diz%20que%20opera%C3%A7%C3%A3o%20de%20captura%20de%20Maduro%20pelos%20EUA%20na%20Venezuela%20violou%20%E2%80%98princ%C3%ADpio%20fundamental%E2%80%99%20do%20direito%20internacional\"><\/a><\/p>\n\n\n\n<p><a href=\"whatsapp:\/\/send?text=https%3A%2F%2Fwww.blogdobg.com.br%2Fonu-diz-que-operacao-de-captura-de-maduro-pelos-eua-na-venezuela-violou-principio-fundamental-do-direito-internacional%2F%20ONU%20diz%20que%20opera%C3%A7%C3%A3o%20de%20captura%20de%20Maduro%20pelos%20EUA%20na%20Venezuela%20violou%20%E2%80%98princ%C3%ADpio%20fundamental%E2%80%99%20do%20direito%20internacional\"><\/a><\/p>\n\n\n\n<p><a target=\"_blank\" href=\"https:\/\/facebook.com\/sharer\/sharer.php?u=https%3A%2F%2Fwww.blogdobg.com.br%2Fonu-diz-que-operacao-de-captura-de-maduro-pelos-eua-na-venezuela-violou-principio-fundamental-do-direito-internacional%2F\" rel=\"noreferrer noopener\"><\/a><\/p>\n\n\n\n<p><a target=\"_blank\" href=\"https:\/\/twitter.com\/share?url=https%3A%2F%2Fwww.blogdobg.com.br%2Fonu-diz-que-operacao-de-captura-de-maduro-pelos-eua-na-venezuela-violou-principio-fundamental-do-direito-internacional%2F&amp;text=ONU%20diz%20que%20opera%C3%A7%C3%A3o%20de%20captura%20de%20Maduro%20pelos%20EUA%20na%20Venezuela%20violou%20%E2%80%98princ%C3%ADpio%20fundamental%E2%80%99%20do%20direito%20internacional\" rel=\"noreferrer noopener\"><\/a><\/p>\n","protected":false},"excerpt":{"rendered":"<p>A ONU afirmou nesta ter\u00e7a-feira (6) que a opera\u00e7\u00e3o militar dos Estados Unidos em Caracas, que resultou na captura do presidente venezuelano Nicol\u00e1s Maduro, violou princ\u00edpios fundamentais do direito internacional. \u201cOs Estados n\u00e3o devem amea\u00e7ar nem usar a for\u00e7a contra a integridade territorial ou a independ\u00eancia pol\u00edtica de qualquer Estado\u201d, disse Ravina Shamdasani, porta-voz do&#8230;<\/p>\n","protected":false},"author":1,"featured_media":7794,"comment_status":"open","ping_status":"closed","sticky":false,"template":"","format":"standard","meta":{"footnotes":""},"categories":[4,3],"tags":[],"class_list":["post-7793","post","type-post","status-publish","format-standard","has-post-thumbnail","hentry","category-anuncie-aqui","category-geral"],"_links":{"self":[{"href":"https:\/\/cafecommessias.com.br\/index.php?rest_route=\/wp\/v2\/posts\/7793","targetHints":{"allow":["GET"]}}],"collection":[{"href":"https:\/\/cafecommessias.com.br\/index.php?rest_route=\/wp\/v2\/posts"}],"about":[{"href":"https:\/\/cafecommessias.com.br\/index.php?rest_route=\/wp\/v2\/types\/post"}],"author":[{"embeddable":true,"href":"https:\/\/cafecommessias.com.br\/index.php?rest_route=\/wp\/v2\/users\/1"}],"replies":[{"embeddable":true,"href":"https:\/\/cafecommessias.com.br\/index.php?rest_route=%2Fwp%2Fv2%2Fcomments&post=7793"}],"version-history":[{"count":2,"href":"https:\/\/cafecommessias.com.br\/index.php?rest_route=\/wp\/v2\/posts\/7793\/revisions"}],"predecessor-version":[{"id":7797,"href":"https:\/\/cafecommessias.com.br\/index.php?rest_route=\/wp\/v2\/posts\/7793\/revisions\/7797"}],"wp:featuredmedia":[{"embeddable":true,"href":"https:\/\/cafecommessias.com.br\/index.php?rest_route=\/wp\/v2\/media\/7794"}],"wp:attachment":[{"href":"https:\/\/cafecommessias.com.br\/index.php?rest_route=%2Fwp%2Fv2%2Fmedia&parent=7793"}],"wp:term":[{"taxonomy":"category","embeddable":true,"href":"https:\/\/cafecommessias.com.br\/index.php?rest_route=%2Fwp%2Fv2%2Fcategories&post=7793"},{"taxonomy":"post_tag","embeddable":true,"href":"https:\/\/cafecommessias.com.br\/index.php?rest_route=%2Fwp%2Fv2%2Ftags&post=7793"}],"curies":[{"name":"wp","href":"https:\/\/api.w.org\/{rel}","templated":true}]}}