{"id":7804,"date":"2026-01-06T15:23:38","date_gmt":"2026-01-06T18:23:38","guid":{"rendered":"https:\/\/cafecommessias.com.br\/?p=7804"},"modified":"2026-01-06T15:23:51","modified_gmt":"2026-01-06T18:23:51","slug":"defesa-de-bolsonaro-pede-ao-stf-para-que-ele-deixe-cela-da-pf-e-va-ao-hospital-apos-sofrer-queda-e-bater-a-cabeca","status":"publish","type":"post","link":"https:\/\/cafecommessias.com.br\/?p=7804","title":{"rendered":"Defesa de Bolsonaro pede ao STF para que ele deixe cela da PF e v\u00e1 ao hospital ap\u00f3s sofrer queda e bater a cabe\u00e7a"},"content":{"rendered":"\n<p>A defesa do ex-presidente Jair Bolsonaro (PL) pediu nesta ter\u00e7a-feira (6) sua transfer\u00eancia para um hospital para a realiza\u00e7\u00e3o de exames cl\u00ednicos e de imagem, ap\u00f3s uma queda sofrida na cela onde est\u00e1 custodiado.<\/p>\n\n\n\n<p>Pela manh\u00e3, a ex-primeira-dama Michelle Bolsonaro informou nas redes sociais que Bolsonaro caiu e bateu a cabe\u00e7a em um m\u00f3vel. Segundo ela, o atendimento s\u00f3 ocorreu quando chegou para visit\u00e1-lo, por volta das 9h.<\/p>\n\n\n\n<p>Peritos da Pol\u00edcia Federal avaliaram o ex-presidente e apontaram ferimentos leves, sem necessidade de interna\u00e7\u00e3o, recomendando apenas observa\u00e7\u00e3o. J\u00e1 o m\u00e9dico particular de Bolsonaro diagnosticou \u201ctraumatismo craniano leve\u201d e solicitou a remo\u00e7\u00e3o imediata ao hospital, citando risco \u00e0 sa\u00fade diante do hist\u00f3rico cl\u00ednico recente.<\/p>\n\n\n\n<p>No pedido, a defesa afirma que a queda gerou \u201cimpacto craniano e suspeita de traumatismo\u201d, o que exige exames urgentes para evitar agravamento do quadro. A decis\u00e3o sobre a transfer\u00eancia caber\u00e1 ao ministro Alexandre de Moraes, do Supremo Tribunal Federal (STF). Michelle Bolsonaro informou que j\u00e1 est\u00e1 no hospital aguardando o marido.<\/p>\n","protected":false},"excerpt":{"rendered":"<p>A defesa do ex-presidente Jair Bolsonaro (PL) pediu nesta ter\u00e7a-feira (6) sua transfer\u00eancia para um hospital para a realiza\u00e7\u00e3o de exames cl\u00ednicos e de imagem, ap\u00f3s uma queda sofrida na cela onde est\u00e1 custodiado. Pela manh\u00e3, a ex-primeira-dama Michelle Bolsonaro informou nas redes sociais que Bolsonaro caiu e bateu a cabe\u00e7a em um m\u00f3vel. Segundo&#8230;<\/p>\n","protected":false},"author":1,"featured_media":7805,"comment_status":"open","ping_status":"closed","sticky":false,"template":"","format":"standard","meta":{"footnotes":""},"categories":[3],"tags":[],"class_list":["post-7804","post","type-post","status-publish","format-standard","has-post-thumbnail","hentry","category-geral"],"_links":{"self":[{"href":"https:\/\/cafecommessias.com.br\/index.php?rest_route=\/wp\/v2\/posts\/7804","targetHints":{"allow":["GET"]}}],"collection":[{"href":"https:\/\/cafecommessias.com.br\/index.php?rest_route=\/wp\/v2\/posts"}],"about":[{"href":"https:\/\/cafecommessias.com.br\/index.php?rest_route=\/wp\/v2\/types\/post"}],"author":[{"embeddable":true,"href":"https:\/\/cafecommessias.com.br\/index.php?rest_route=\/wp\/v2\/users\/1"}],"replies":[{"embeddable":true,"href":"https:\/\/cafecommessias.com.br\/index.php?rest_route=%2Fwp%2Fv2%2Fcomments&post=7804"}],"version-history":[{"count":1,"href":"https:\/\/cafecommessias.com.br\/index.php?rest_route=\/wp\/v2\/posts\/7804\/revisions"}],"predecessor-version":[{"id":7806,"href":"https:\/\/cafecommessias.com.br\/index.php?rest_route=\/wp\/v2\/posts\/7804\/revisions\/7806"}],"wp:featuredmedia":[{"embeddable":true,"href":"https:\/\/cafecommessias.com.br\/index.php?rest_route=\/wp\/v2\/media\/7805"}],"wp:attachment":[{"href":"https:\/\/cafecommessias.com.br\/index.php?rest_route=%2Fwp%2Fv2%2Fmedia&parent=7804"}],"wp:term":[{"taxonomy":"category","embeddable":true,"href":"https:\/\/cafecommessias.com.br\/index.php?rest_route=%2Fwp%2Fv2%2Fcategories&post=7804"},{"taxonomy":"post_tag","embeddable":true,"href":"https:\/\/cafecommessias.com.br\/index.php?rest_route=%2Fwp%2Fv2%2Ftags&post=7804"}],"curies":[{"name":"wp","href":"https:\/\/api.w.org\/{rel}","templated":true}]}}