{"id":7825,"date":"2026-01-07T08:07:32","date_gmt":"2026-01-07T11:07:32","guid":{"rendered":"https:\/\/cafecommessias.com.br\/?p=7825"},"modified":"2026-01-07T08:07:45","modified_gmt":"2026-01-07T11:07:45","slug":"defesa-de-bolsonaro-reage-a-moraes-e-promete-medidas-legais-apos-negativa-de-exames-em-hospital","status":"publish","type":"post","link":"https:\/\/cafecommessias.com.br\/?p=7825","title":{"rendered":"Defesa de Bolsonaro reage a Moraes e promete medidas legais ap\u00f3s negativa de exames em hospital"},"content":{"rendered":"\n<p>A defesa do ex-presidente Jair Bolsonaro (PL) afirmou nesta ter\u00e7a-feira (6) que ir\u00e1 adotar medidas legais ap\u00f3s o ministro do STF Alexandre de Moraes negar a transfer\u00eancia do ex-mandat\u00e1rio para um hospital, onde ele faria exames m\u00e9dicos depois de uma queda que teria provocado um traumatismo craniano leve.<\/p>\n\n\n\n<p>Segundo o advogado Paulo Cunha Bueno, a decis\u00e3o representa viola\u00e7\u00e3o a direitos fundamentais, especialmente ao princ\u00edpio da dignidade da pessoa humana. Ele argumenta que traumas na cabe\u00e7a exigem investiga\u00e7\u00e3o laboratorial adequada, o que, na avalia\u00e7\u00e3o da defesa, n\u00e3o pode ser feito de forma segura apenas nas depend\u00eancias da Pol\u00edcia Federal.<\/p>\n\n\n\n<p>Os advogados tamb\u00e9m destacaram a idade de Bolsonaro e compararam o caso ao do ex-presidente Fernando Collor de Mello, que cumpre pris\u00e3o domiciliar por motivos de sa\u00fade. De acordo com a defesa, Bolsonaro possui hist\u00f3rico m\u00e9dico relevante e j\u00e1 passou por procedimentos recentes no Hospital DF Star, em Bras\u00edlia, onde pretendia realizar os exames.<\/p>\n\n\n\n<p>Bolsonaro teria ca\u00eddo durante a madrugada, dentro da cela na Superintend\u00eancia da PF em Bras\u00edlia, batendo a cabe\u00e7a em um m\u00f3vel. Moraes determinou que a Pol\u00edcia Federal encaminhasse ao STF o laudo m\u00e9dico do atendimento inicial, que aponta les\u00e3o superficial no rosto e vest\u00edgios de sangue. A decis\u00e3o sobre eventual autoriza\u00e7\u00e3o para exames hospitalares ainda ser\u00e1 analisada pelo ministro.<\/p>\n\n\n\n<p><em><sub>Por CNN<\/sub><\/em><\/p>\n\n\n\n<p><\/p>\n","protected":false},"excerpt":{"rendered":"<p>A defesa do ex-presidente Jair Bolsonaro (PL) afirmou nesta ter\u00e7a-feira (6) que ir\u00e1 adotar medidas legais ap\u00f3s o ministro do STF Alexandre de Moraes negar a transfer\u00eancia do ex-mandat\u00e1rio para um hospital, onde ele faria exames m\u00e9dicos depois de uma queda que teria provocado um traumatismo craniano leve. Segundo o advogado Paulo Cunha Bueno, a&#8230;<\/p>\n","protected":false},"author":1,"featured_media":7826,"comment_status":"open","ping_status":"closed","sticky":false,"template":"","format":"standard","meta":{"footnotes":""},"categories":[3],"tags":[],"class_list":["post-7825","post","type-post","status-publish","format-standard","has-post-thumbnail","hentry","category-geral"],"_links":{"self":[{"href":"https:\/\/cafecommessias.com.br\/index.php?rest_route=\/wp\/v2\/posts\/7825","targetHints":{"allow":["GET"]}}],"collection":[{"href":"https:\/\/cafecommessias.com.br\/index.php?rest_route=\/wp\/v2\/posts"}],"about":[{"href":"https:\/\/cafecommessias.com.br\/index.php?rest_route=\/wp\/v2\/types\/post"}],"author":[{"embeddable":true,"href":"https:\/\/cafecommessias.com.br\/index.php?rest_route=\/wp\/v2\/users\/1"}],"replies":[{"embeddable":true,"href":"https:\/\/cafecommessias.com.br\/index.php?rest_route=%2Fwp%2Fv2%2Fcomments&post=7825"}],"version-history":[{"count":1,"href":"https:\/\/cafecommessias.com.br\/index.php?rest_route=\/wp\/v2\/posts\/7825\/revisions"}],"predecessor-version":[{"id":7827,"href":"https:\/\/cafecommessias.com.br\/index.php?rest_route=\/wp\/v2\/posts\/7825\/revisions\/7827"}],"wp:featuredmedia":[{"embeddable":true,"href":"https:\/\/cafecommessias.com.br\/index.php?rest_route=\/wp\/v2\/media\/7826"}],"wp:attachment":[{"href":"https:\/\/cafecommessias.com.br\/index.php?rest_route=%2Fwp%2Fv2%2Fmedia&parent=7825"}],"wp:term":[{"taxonomy":"category","embeddable":true,"href":"https:\/\/cafecommessias.com.br\/index.php?rest_route=%2Fwp%2Fv2%2Fcategories&post=7825"},{"taxonomy":"post_tag","embeddable":true,"href":"https:\/\/cafecommessias.com.br\/index.php?rest_route=%2Fwp%2Fv2%2Ftags&post=7825"}],"curies":[{"name":"wp","href":"https:\/\/api.w.org\/{rel}","templated":true}]}}