{"id":7838,"date":"2026-01-07T08:52:40","date_gmt":"2026-01-07T11:52:40","guid":{"rendered":"https:\/\/cafecommessias.com.br\/?p=7838"},"modified":"2026-01-07T08:52:56","modified_gmt":"2026-01-07T11:52:56","slug":"homem-e-preso-no-rn-por-divulgar-imagens-intimas-de-ex-namorada-adolescente","status":"publish","type":"post","link":"https:\/\/cafecommessias.com.br\/?p=7838","title":{"rendered":"Homem \u00e9 preso no RN por divulgar imagens \u00edntimas de ex-namorada adolescente"},"content":{"rendered":"\n<p>A&nbsp;<strong>Pol\u00edcia Civil do Rio Grande do Norte<\/strong>&nbsp;efetuou, na&nbsp;<strong>tarde desta ter\u00e7a-feira (6)<\/strong>, o cumprimento de um&nbsp;<strong>mandado de pris\u00e3o definitiva<\/strong>&nbsp;contra um&nbsp;<strong>homem de 25 anos<\/strong>, condenado por&nbsp;<strong>compartilhar conte\u00fado \u00edntimo da ex-companheira<\/strong>, que tinha&nbsp;<strong>17 anos \u00e0 \u00e9poca dos fatos<\/strong>. O caso remonta a&nbsp;<strong>2020<\/strong>&nbsp;e j\u00e1 teve&nbsp;<strong>tr\u00e2nsito em julgado<\/strong>, ou seja, n\u00e3o cabe mais recurso. Inicialmente, o r\u00e9u havia sido sentenciado ao&nbsp;<strong>regime aberto<\/strong>, al\u00e9m do&nbsp;<strong>pagamento de multa de R$ 10 mil<\/strong>\u2026<\/p>\n\n\n\n<p>No entanto, ap\u00f3s&nbsp;<strong>duas intima\u00e7\u00f5es sem comparecimento para in\u00edcio do cumprimento da pena<\/strong>, a Justi\u00e7a determinou a&nbsp;<strong>regress\u00e3o para o regime fechado<\/strong>, autorizando a expedi\u00e7\u00e3o do mandado de pris\u00e3o.<\/p>\n\n\n\n<p>As investiga\u00e7\u00f5es apontaram que o homem manteve um relacionamento com a v\u00edtima e, ap\u00f3s o t\u00e9rmino,&nbsp;<strong>divulgou imagens \u00edntimas da adolescente em grupos de WhatsApp<\/strong>, o que provocou&nbsp;<strong>grave abalo psicol\u00f3gico<\/strong>. Ap\u00f3s dilig\u00eancias, os policiais localizaram o condenado e realizaram a pris\u00e3o.<\/p>\n\n\n\n<p>Depois de ser levado \u00e0&nbsp;<strong>delegacia para os procedimentos legais<\/strong>, o homem foi&nbsp;<strong>encaminhado ao sistema prisional<\/strong>, onde ficar\u00e1&nbsp;<strong>\u00e0 disposi\u00e7\u00e3o da Justi\u00e7a<\/strong>.<\/p>\n\n\n\n<p>A a\u00e7\u00e3o foi&nbsp;<strong>coordenada pela Delegacia Especializada de Atendimento \u00e0 Mulher (DEAM) de Pau dos Ferros<\/strong>, com&nbsp;<strong>apoio da 55\u00aa Delegacia de Pol\u00edcia de S\u00e3o Miguel<\/strong>.<\/p>\n\n\n\n<p>A Pol\u00edcia Civil destaca que a popula\u00e7\u00e3o pode&nbsp;<strong>colaborar com as investiga\u00e7\u00f5es de forma an\u00f4nima<\/strong>, por meio do&nbsp;<strong>Disque Den\u00fancia 181<\/strong>.<\/p>\n","protected":false},"excerpt":{"rendered":"<p>A&nbsp;Pol\u00edcia Civil do Rio Grande do Norte&nbsp;efetuou, na&nbsp;tarde desta ter\u00e7a-feira (6), o cumprimento de um&nbsp;mandado de pris\u00e3o definitiva&nbsp;contra um&nbsp;homem de 25 anos, condenado por&nbsp;compartilhar conte\u00fado \u00edntimo da ex-companheira, que tinha&nbsp;17 anos \u00e0 \u00e9poca dos fatos. O caso remonta a&nbsp;2020&nbsp;e j\u00e1 teve&nbsp;tr\u00e2nsito em julgado, ou seja, n\u00e3o cabe mais recurso. Inicialmente, o r\u00e9u havia sido sentenciado&#8230;<\/p>\n","protected":false},"author":1,"featured_media":7839,"comment_status":"open","ping_status":"closed","sticky":false,"template":"","format":"standard","meta":{"footnotes":""},"categories":[5],"tags":[],"class_list":["post-7838","post","type-post","status-publish","format-standard","has-post-thumbnail","hentry","category-policia"],"_links":{"self":[{"href":"https:\/\/cafecommessias.com.br\/index.php?rest_route=\/wp\/v2\/posts\/7838","targetHints":{"allow":["GET"]}}],"collection":[{"href":"https:\/\/cafecommessias.com.br\/index.php?rest_route=\/wp\/v2\/posts"}],"about":[{"href":"https:\/\/cafecommessias.com.br\/index.php?rest_route=\/wp\/v2\/types\/post"}],"author":[{"embeddable":true,"href":"https:\/\/cafecommessias.com.br\/index.php?rest_route=\/wp\/v2\/users\/1"}],"replies":[{"embeddable":true,"href":"https:\/\/cafecommessias.com.br\/index.php?rest_route=%2Fwp%2Fv2%2Fcomments&post=7838"}],"version-history":[{"count":1,"href":"https:\/\/cafecommessias.com.br\/index.php?rest_route=\/wp\/v2\/posts\/7838\/revisions"}],"predecessor-version":[{"id":7840,"href":"https:\/\/cafecommessias.com.br\/index.php?rest_route=\/wp\/v2\/posts\/7838\/revisions\/7840"}],"wp:featuredmedia":[{"embeddable":true,"href":"https:\/\/cafecommessias.com.br\/index.php?rest_route=\/wp\/v2\/media\/7839"}],"wp:attachment":[{"href":"https:\/\/cafecommessias.com.br\/index.php?rest_route=%2Fwp%2Fv2%2Fmedia&parent=7838"}],"wp:term":[{"taxonomy":"category","embeddable":true,"href":"https:\/\/cafecommessias.com.br\/index.php?rest_route=%2Fwp%2Fv2%2Fcategories&post=7838"},{"taxonomy":"post_tag","embeddable":true,"href":"https:\/\/cafecommessias.com.br\/index.php?rest_route=%2Fwp%2Fv2%2Ftags&post=7838"}],"curies":[{"name":"wp","href":"https:\/\/api.w.org\/{rel}","templated":true}]}}