{"id":7841,"date":"2026-01-07T08:54:53","date_gmt":"2026-01-07T11:54:53","guid":{"rendered":"https:\/\/cafecommessias.com.br\/?p=7841"},"modified":"2026-01-07T08:55:13","modified_gmt":"2026-01-07T11:55:13","slug":"aposentados-tem-ate-14-de-fevereiro-para-pedir-ressarcimento-ao-inss","status":"publish","type":"post","link":"https:\/\/cafecommessias.com.br\/?p=7841","title":{"rendered":"Aposentados t\u00eam at\u00e9 14 de fevereiro para pedir ressarcimento ao INSS"},"content":{"rendered":"\n<p>Os aposentados e pensionistas que tiveram descontos indevidos do Instituto Nacional do Seguro Social (INSS) t\u00eam at\u00e9 14 de fevereiro para pedir o ressarcimento, anunciou o presidente do instituto,&nbsp;Gilberto Waller. Em entrevista ao programa a&nbsp;<em>Voz do Brasil<\/em>, ele fez um balan\u00e7o atualizado sobre os pedidos.<img decoding=\"async\" src=\"https:\/\/agenciabrasil.ebc.com.br\/ebc.png?id=1674346&amp;o=node\">..<img decoding=\"async\" src=\"https:\/\/agenciabrasil.ebc.com.br\/ebc.gif?id=1674346&amp;o=node\"><\/p>\n\n\n\n<p><strong>De acordo com presidente Waller, cerca de 6,2 milh\u00f5es de benefici\u00e1rios contestaram descontos indevidos do INSS, dos quais 4,1 milh\u00f5es de benefici\u00e1rios j\u00e1 foram ressarcidos, em valores que\u00a0somam R$ 2,8 bilh\u00f5es.<\/strong>\u00a0O governo estima, no entanto, que ainda existam 3 milh\u00f5es de aposentados e pensionistas aptos a solicitar a devolu\u00e7\u00e3o.<\/p>\n\n\n\n<p>O\u00a0prazo original se encerraria em 14 de novembro. No entanto, o Minist\u00e9rio da Previd\u00eancia Social decidiu ampliar o per\u00edodo para garantir que todos os afetados possam registrar seus pedidos.<\/p>\n\n\n\n<p>O esquema de descontos indevidos foi revelado pela\u00a0Opera\u00e7\u00e3o Sem Desconto, deflagrada pela Pol\u00edcia Federal e pela Controladoria-Geral da Uni\u00e3o (CGU), que identificou fraudes em Acordos de Coopera\u00e7\u00e3o T\u00e9cnica (ACTs) firmados entre o INSS e entidades associativas.\u00a0<strong>As investiga\u00e7\u00f5es levaram ao afastamento de parte da c\u00fapula do instituto em abril.<\/strong><\/p>\n\n\n\n<p>Na entrevista, Gilberto Waller ressaltou o esfor\u00e7o coordenado de \u00f3rg\u00e3os federais para ressarcir as v\u00edtimas dos descontos n\u00e3o autorizados.&nbsp;<strong>O presidente do INSS tamb\u00e9m destacou a uni\u00e3o entre o instituto, a Advocacia-Geral da Uni\u00e3o (AGU), a CGU e a Pol\u00edcia Federal para rastrear os recursos desviados e entrar com a\u00e7\u00f5es na Justi\u00e7a para recuperar o dinheiro.<\/strong><\/p>\n\n\n\n<p><em><sub>Por\u00a0Ag\u00eancia Brasil<\/sub><\/em><\/p>\n\n\n\n<p><\/p>\n","protected":false},"excerpt":{"rendered":"<p>Os aposentados e pensionistas que tiveram descontos indevidos do Instituto Nacional do Seguro Social (INSS) t\u00eam at\u00e9 14 de fevereiro para pedir o ressarcimento, anunciou o presidente do instituto,&nbsp;Gilberto Waller. Em entrevista ao programa a&nbsp;Voz do Brasil, ele fez um balan\u00e7o atualizado sobre os pedidos&#8230; De acordo com presidente Waller, cerca de 6,2 milh\u00f5es de&#8230;<\/p>\n","protected":false},"author":1,"featured_media":7842,"comment_status":"open","ping_status":"closed","sticky":false,"template":"","format":"standard","meta":{"footnotes":""},"categories":[3],"tags":[],"class_list":["post-7841","post","type-post","status-publish","format-standard","has-post-thumbnail","hentry","category-geral"],"_links":{"self":[{"href":"https:\/\/cafecommessias.com.br\/index.php?rest_route=\/wp\/v2\/posts\/7841","targetHints":{"allow":["GET"]}}],"collection":[{"href":"https:\/\/cafecommessias.com.br\/index.php?rest_route=\/wp\/v2\/posts"}],"about":[{"href":"https:\/\/cafecommessias.com.br\/index.php?rest_route=\/wp\/v2\/types\/post"}],"author":[{"embeddable":true,"href":"https:\/\/cafecommessias.com.br\/index.php?rest_route=\/wp\/v2\/users\/1"}],"replies":[{"embeddable":true,"href":"https:\/\/cafecommessias.com.br\/index.php?rest_route=%2Fwp%2Fv2%2Fcomments&post=7841"}],"version-history":[{"count":1,"href":"https:\/\/cafecommessias.com.br\/index.php?rest_route=\/wp\/v2\/posts\/7841\/revisions"}],"predecessor-version":[{"id":7843,"href":"https:\/\/cafecommessias.com.br\/index.php?rest_route=\/wp\/v2\/posts\/7841\/revisions\/7843"}],"wp:featuredmedia":[{"embeddable":true,"href":"https:\/\/cafecommessias.com.br\/index.php?rest_route=\/wp\/v2\/media\/7842"}],"wp:attachment":[{"href":"https:\/\/cafecommessias.com.br\/index.php?rest_route=%2Fwp%2Fv2%2Fmedia&parent=7841"}],"wp:term":[{"taxonomy":"category","embeddable":true,"href":"https:\/\/cafecommessias.com.br\/index.php?rest_route=%2Fwp%2Fv2%2Fcategories&post=7841"},{"taxonomy":"post_tag","embeddable":true,"href":"https:\/\/cafecommessias.com.br\/index.php?rest_route=%2Fwp%2Fv2%2Ftags&post=7841"}],"curies":[{"name":"wp","href":"https:\/\/api.w.org\/{rel}","templated":true}]}}