{"id":7865,"date":"2026-01-07T09:55:25","date_gmt":"2026-01-07T12:55:25","guid":{"rendered":"https:\/\/cafecommessias.com.br\/?p=7865"},"modified":"2026-01-07T09:55:39","modified_gmt":"2026-01-07T12:55:39","slug":"governadora-participa-de-encerramento-da-festa-de-santos-reis-em-natal","status":"publish","type":"post","link":"https:\/\/cafecommessias.com.br\/?p=7865","title":{"rendered":"Governadora participa de encerramento da Festa de Santos Reis, em Natal"},"content":{"rendered":"\n<p>Manifesta\u00e7\u00e3o de f\u00e9 que faz parte do calend\u00e1rio religioso do RN h\u00e1 s\u00e9culos, levou uma multid\u00e3o \u00e0s ruas do mais antigo bairro da Capital<\/p>\n\n\n\n<figure class=\"wp-block-image size-large\"><img loading=\"lazy\" decoding=\"async\" width=\"1024\" height=\"682\" src=\"https:\/\/cafecommessias.com.br\/wp-content\/uploads\/2026\/01\/68a9026a-4b6c-41c6-be87-c73ad7960bb6-1024x682.jpg\" alt=\"\" class=\"wp-image-7866\" srcset=\"https:\/\/cafecommessias.com.br\/wp-content\/uploads\/2026\/01\/68a9026a-4b6c-41c6-be87-c73ad7960bb6-1024x682.jpg 1024w, https:\/\/cafecommessias.com.br\/wp-content\/uploads\/2026\/01\/68a9026a-4b6c-41c6-be87-c73ad7960bb6-300x200.jpg 300w, https:\/\/cafecommessias.com.br\/wp-content\/uploads\/2026\/01\/68a9026a-4b6c-41c6-be87-c73ad7960bb6-768x512.jpg 768w, https:\/\/cafecommessias.com.br\/wp-content\/uploads\/2026\/01\/68a9026a-4b6c-41c6-be87-c73ad7960bb6-820x545.jpg 820w, https:\/\/cafecommessias.com.br\/wp-content\/uploads\/2026\/01\/68a9026a-4b6c-41c6-be87-c73ad7960bb6-600x400.jpg 600w, https:\/\/cafecommessias.com.br\/wp-content\/uploads\/2026\/01\/68a9026a-4b6c-41c6-be87-c73ad7960bb6.jpg 1280w\" sizes=\"auto, (max-width: 1024px) 100vw, 1024px\" \/><\/figure>\n\n\n\n<p>A governadora F\u00e1tima Bezerra participou nesta ter\u00e7a-feira (06) da Missa Solene e da Prociss\u00e3o de Santos Reis, no bairro de mesmo nome, em Natal, eventos que encerraram o ciclo natalino, conforme a tradi\u00e7\u00e3o crist\u00e3.<\/p>\n\n\n\n<figure class=\"wp-block-image size-large\"><img loading=\"lazy\" decoding=\"async\" width=\"1024\" height=\"682\" src=\"https:\/\/cafecommessias.com.br\/wp-content\/uploads\/2026\/01\/96836896-c807-4df7-ba79-871c9bbb838e-1024x682.jpg\" alt=\"\" class=\"wp-image-7867\" srcset=\"https:\/\/cafecommessias.com.br\/wp-content\/uploads\/2026\/01\/96836896-c807-4df7-ba79-871c9bbb838e-1024x682.jpg 1024w, https:\/\/cafecommessias.com.br\/wp-content\/uploads\/2026\/01\/96836896-c807-4df7-ba79-871c9bbb838e-300x200.jpg 300w, https:\/\/cafecommessias.com.br\/wp-content\/uploads\/2026\/01\/96836896-c807-4df7-ba79-871c9bbb838e-768x512.jpg 768w, https:\/\/cafecommessias.com.br\/wp-content\/uploads\/2026\/01\/96836896-c807-4df7-ba79-871c9bbb838e-820x545.jpg 820w, https:\/\/cafecommessias.com.br\/wp-content\/uploads\/2026\/01\/96836896-c807-4df7-ba79-871c9bbb838e-600x400.jpg 600w, https:\/\/cafecommessias.com.br\/wp-content\/uploads\/2026\/01\/96836896-c807-4df7-ba79-871c9bbb838e.jpg 1280w\" sizes=\"auto, (max-width: 1024px) 100vw, 1024px\" \/><\/figure>\n\n\n\n<p>Em companhia de familiares e de colaboradores, a governadora assistiu \u00e0 missa ao ar livre celebrada pelo arcebispo metropolitano, Dom Jo\u00e3o Santos Cardoso, e acompanhou a prociss\u00e3o pelas ruas do bairro, o mais antigo da cidade.<\/p>\n","protected":false},"excerpt":{"rendered":"<p>Manifesta\u00e7\u00e3o de f\u00e9 que faz parte do calend\u00e1rio religioso do RN h\u00e1 s\u00e9culos, levou uma multid\u00e3o \u00e0s ruas do mais antigo bairro da Capital A governadora F\u00e1tima Bezerra participou nesta ter\u00e7a-feira (06) da Missa Solene e da Prociss\u00e3o de Santos Reis, no bairro de mesmo nome, em Natal, eventos que encerraram o ciclo natalino, conforme&#8230;<\/p>\n","protected":false},"author":1,"featured_media":7868,"comment_status":"open","ping_status":"closed","sticky":false,"template":"","format":"standard","meta":{"footnotes":""},"categories":[3],"tags":[],"class_list":["post-7865","post","type-post","status-publish","format-standard","has-post-thumbnail","hentry","category-geral"],"_links":{"self":[{"href":"https:\/\/cafecommessias.com.br\/index.php?rest_route=\/wp\/v2\/posts\/7865","targetHints":{"allow":["GET"]}}],"collection":[{"href":"https:\/\/cafecommessias.com.br\/index.php?rest_route=\/wp\/v2\/posts"}],"about":[{"href":"https:\/\/cafecommessias.com.br\/index.php?rest_route=\/wp\/v2\/types\/post"}],"author":[{"embeddable":true,"href":"https:\/\/cafecommessias.com.br\/index.php?rest_route=\/wp\/v2\/users\/1"}],"replies":[{"embeddable":true,"href":"https:\/\/cafecommessias.com.br\/index.php?rest_route=%2Fwp%2Fv2%2Fcomments&post=7865"}],"version-history":[{"count":1,"href":"https:\/\/cafecommessias.com.br\/index.php?rest_route=\/wp\/v2\/posts\/7865\/revisions"}],"predecessor-version":[{"id":7869,"href":"https:\/\/cafecommessias.com.br\/index.php?rest_route=\/wp\/v2\/posts\/7865\/revisions\/7869"}],"wp:featuredmedia":[{"embeddable":true,"href":"https:\/\/cafecommessias.com.br\/index.php?rest_route=\/wp\/v2\/media\/7868"}],"wp:attachment":[{"href":"https:\/\/cafecommessias.com.br\/index.php?rest_route=%2Fwp%2Fv2%2Fmedia&parent=7865"}],"wp:term":[{"taxonomy":"category","embeddable":true,"href":"https:\/\/cafecommessias.com.br\/index.php?rest_route=%2Fwp%2Fv2%2Fcategories&post=7865"},{"taxonomy":"post_tag","embeddable":true,"href":"https:\/\/cafecommessias.com.br\/index.php?rest_route=%2Fwp%2Fv2%2Ftags&post=7865"}],"curies":[{"name":"wp","href":"https:\/\/api.w.org\/{rel}","templated":true}]}}