{"id":7883,"date":"2026-01-07T15:24:31","date_gmt":"2026-01-07T18:24:31","guid":{"rendered":"https:\/\/cafecommessias.com.br\/?p=7883"},"modified":"2026-01-07T16:35:04","modified_gmt":"2026-01-07T19:35:04","slug":"saiba-quais-exames-bolsonaro-fara-em-hospital-nesta-quarta-7-apos-autorizacao-de-moraes","status":"publish","type":"post","link":"https:\/\/cafecommessias.com.br\/?p=7883","title":{"rendered":"Saiba quais exames Bolsonaro far\u00e1 em hospital nesta quarta (7) ap\u00f3s autoriza\u00e7\u00e3o de Moraes"},"content":{"rendered":"\n<p>O ministro Alexandre de Moraes, do STF, autorizou nesta quarta-feira (7) que o ex-presidente Jair Bolsonaro (PL) seja levado a um hospital em Bras\u00edlia para realizar exames m\u00e9dicos ap\u00f3s sofrer uma queda na cela onde est\u00e1 preso.<\/p>\n\n\n\n<p>Bolsonaro caiu da cama na madrugada de ter\u00e7a-feira (6) e bateu a cabe\u00e7a em um m\u00f3vel da Superintend\u00eancia da Pol\u00edcia Federal no DF. A PF e o m\u00e9dico pessoal do ex-presidente confirmaram ferimentos na cabe\u00e7a, al\u00e9m de sintomas como apatia, tontura e queda da p\u00e1lpebra esquerda.<\/p>\n\n\n\n<p>Veja quais exames Bolsonaro deve fazer no hospital:<\/p>\n\n\n\n<ul class=\"wp-block-list\">\n<li><strong>Tomografia computadorizada<\/strong>\u00a0\u2013 exame que produz imagens internas e detalhadas da cabe\u00e7a por meio de raios X;<\/li>\n\n\n\n<li><strong>Resson\u00e2ncia magn\u00e9tica do cr\u00e2nio<\/strong>\u00a0\u2013 t\u00e9cnica que utiliza campos magn\u00e9ticos para avaliar estruturas do c\u00e9rebro;<\/li>\n\n\n\n<li><strong>Eletroencefalograma<\/strong>\u00a0\u2013 exame que registra a atividade el\u00e9trica cerebral e pode indicar altera\u00e7\u00f5es neurol\u00f3gicas.<\/li>\n<\/ul>\n\n\n\n<p>Ap\u00f3s os exames, ele dever\u00e1 retornar \u00e0 Superintend\u00eancia da PF, sem previs\u00e3o de interna\u00e7\u00e3o.<\/p>\n","protected":false},"excerpt":{"rendered":"<p>O ministro Alexandre de Moraes, do STF, autorizou nesta quarta-feira (7) que o ex-presidente Jair Bolsonaro (PL) seja levado a um hospital em Bras\u00edlia para realizar exames m\u00e9dicos ap\u00f3s sofrer uma queda na cela onde est\u00e1 preso. Bolsonaro caiu da cama na madrugada de ter\u00e7a-feira (6) e bateu a cabe\u00e7a em um m\u00f3vel da Superintend\u00eancia&#8230;<\/p>\n","protected":false},"author":1,"featured_media":7884,"comment_status":"open","ping_status":"closed","sticky":false,"template":"","format":"standard","meta":{"footnotes":""},"categories":[3],"tags":[],"class_list":["post-7883","post","type-post","status-publish","format-standard","has-post-thumbnail","hentry","category-geral"],"_links":{"self":[{"href":"https:\/\/cafecommessias.com.br\/index.php?rest_route=\/wp\/v2\/posts\/7883","targetHints":{"allow":["GET"]}}],"collection":[{"href":"https:\/\/cafecommessias.com.br\/index.php?rest_route=\/wp\/v2\/posts"}],"about":[{"href":"https:\/\/cafecommessias.com.br\/index.php?rest_route=\/wp\/v2\/types\/post"}],"author":[{"embeddable":true,"href":"https:\/\/cafecommessias.com.br\/index.php?rest_route=\/wp\/v2\/users\/1"}],"replies":[{"embeddable":true,"href":"https:\/\/cafecommessias.com.br\/index.php?rest_route=%2Fwp%2Fv2%2Fcomments&post=7883"}],"version-history":[{"count":1,"href":"https:\/\/cafecommessias.com.br\/index.php?rest_route=\/wp\/v2\/posts\/7883\/revisions"}],"predecessor-version":[{"id":7885,"href":"https:\/\/cafecommessias.com.br\/index.php?rest_route=\/wp\/v2\/posts\/7883\/revisions\/7885"}],"wp:featuredmedia":[{"embeddable":true,"href":"https:\/\/cafecommessias.com.br\/index.php?rest_route=\/wp\/v2\/media\/7884"}],"wp:attachment":[{"href":"https:\/\/cafecommessias.com.br\/index.php?rest_route=%2Fwp%2Fv2%2Fmedia&parent=7883"}],"wp:term":[{"taxonomy":"category","embeddable":true,"href":"https:\/\/cafecommessias.com.br\/index.php?rest_route=%2Fwp%2Fv2%2Fcategories&post=7883"},{"taxonomy":"post_tag","embeddable":true,"href":"https:\/\/cafecommessias.com.br\/index.php?rest_route=%2Fwp%2Fv2%2Ftags&post=7883"}],"curies":[{"name":"wp","href":"https:\/\/api.w.org\/{rel}","templated":true}]}}