{"id":7886,"date":"2026-01-07T15:27:25","date_gmt":"2026-01-07T18:27:25","guid":{"rendered":"https:\/\/cafecommessias.com.br\/?p=7886"},"modified":"2026-01-07T15:28:40","modified_gmt":"2026-01-07T18:28:40","slug":"comissao-decide-arquivar-processo-de-cassacao-contra-vereadora-brisa-bracchi","status":"publish","type":"post","link":"https:\/\/cafecommessias.com.br\/?p=7886","title":{"rendered":"Comiss\u00e3o decide arquivar processo de cassa\u00e7\u00e3o contra vereadora Brisa Bracchi"},"content":{"rendered":"\n<p>A Comiss\u00e3o Processante da C\u00e2mara Municipal de Natal decidiu arquivar o processo que pedia a cassa\u00e7\u00e3o do mandato da vereadora Brisa Bracchi (PT), denunciada por suposto uso indevido de emenda parlamentar em um evento pol\u00edtico-partid\u00e1rio no ano passado.<\/p>\n\n\n\n<p>A decis\u00e3o foi tomada em reuni\u00e3o virtual nesta quarta-feira (7). O relator, vereador Daniell Randall (Republicanos), votou contra o arquivamento solicitado pela defesa, mas foi vencido pela presidente da comiss\u00e3o, Samanda Alves (PT), que apresentou voto divergente, acompanhado por T\u00e1rcio de Eudiane (Uni\u00e3o).<\/p>\n\n\n\n<p>Randall afirmou que a defesa alegou nulidades no processo, como irregularidades na convoca\u00e7\u00e3o, na composi\u00e7\u00e3o do plen\u00e1rio e na atua\u00e7\u00e3o de suplentes. Segundo ele, essas teses n\u00e3o se sustentavam e o caso reunia condi\u00e7\u00f5es para seguir para a fase de instru\u00e7\u00e3o.<\/p>\n\n\n\n<p>\u201cA gente tem uma avalia\u00e7\u00e3o de que \u00e9 ruim que a Casa tenha o mesmo objeto sendo tocado em duas inst\u00e2ncias, na comiss\u00e3o especial e na comiss\u00e3o de \u00e9tica. Ent\u00e3o, de acordo que foi colocado como provas pelo vereador denunciante, a gente avaliou, fez uma an\u00e1lise jur\u00eddica, inclusive, que \u00e9 um caso para ser analisado pela comiss\u00e3o de \u00e9tica\u201d, considerou Samanda Alves, que era a presidente da comiss\u00e3o.<\/p>\n","protected":false},"excerpt":{"rendered":"<p>A Comiss\u00e3o Processante da C\u00e2mara Municipal de Natal decidiu arquivar o processo que pedia a cassa\u00e7\u00e3o do mandato da vereadora Brisa Bracchi (PT), denunciada por suposto uso indevido de emenda parlamentar em um evento pol\u00edtico-partid\u00e1rio no ano passado. A decis\u00e3o foi tomada em reuni\u00e3o virtual nesta quarta-feira (7). O relator, vereador Daniell Randall (Republicanos), votou&#8230;<\/p>\n","protected":false},"author":1,"featured_media":7888,"comment_status":"open","ping_status":"closed","sticky":false,"template":"","format":"standard","meta":{"footnotes":""},"categories":[6],"tags":[],"class_list":["post-7886","post","type-post","status-publish","format-standard","has-post-thumbnail","hentry","category-politica"],"_links":{"self":[{"href":"https:\/\/cafecommessias.com.br\/index.php?rest_route=\/wp\/v2\/posts\/7886","targetHints":{"allow":["GET"]}}],"collection":[{"href":"https:\/\/cafecommessias.com.br\/index.php?rest_route=\/wp\/v2\/posts"}],"about":[{"href":"https:\/\/cafecommessias.com.br\/index.php?rest_route=\/wp\/v2\/types\/post"}],"author":[{"embeddable":true,"href":"https:\/\/cafecommessias.com.br\/index.php?rest_route=\/wp\/v2\/users\/1"}],"replies":[{"embeddable":true,"href":"https:\/\/cafecommessias.com.br\/index.php?rest_route=%2Fwp%2Fv2%2Fcomments&post=7886"}],"version-history":[{"count":1,"href":"https:\/\/cafecommessias.com.br\/index.php?rest_route=\/wp\/v2\/posts\/7886\/revisions"}],"predecessor-version":[{"id":7889,"href":"https:\/\/cafecommessias.com.br\/index.php?rest_route=\/wp\/v2\/posts\/7886\/revisions\/7889"}],"wp:featuredmedia":[{"embeddable":true,"href":"https:\/\/cafecommessias.com.br\/index.php?rest_route=\/wp\/v2\/media\/7888"}],"wp:attachment":[{"href":"https:\/\/cafecommessias.com.br\/index.php?rest_route=%2Fwp%2Fv2%2Fmedia&parent=7886"}],"wp:term":[{"taxonomy":"category","embeddable":true,"href":"https:\/\/cafecommessias.com.br\/index.php?rest_route=%2Fwp%2Fv2%2Fcategories&post=7886"},{"taxonomy":"post_tag","embeddable":true,"href":"https:\/\/cafecommessias.com.br\/index.php?rest_route=%2Fwp%2Fv2%2Ftags&post=7886"}],"curies":[{"name":"wp","href":"https:\/\/api.w.org\/{rel}","templated":true}]}}