{"id":7901,"date":"2026-01-07T15:54:10","date_gmt":"2026-01-07T18:54:10","guid":{"rendered":"https:\/\/cafecommessias.com.br\/?p=7901"},"modified":"2026-01-07T15:54:29","modified_gmt":"2026-01-07T18:54:29","slug":"rn-convoca-1-607-aprovados-do-concurso-da-educacao-e-fortalece-abertura-do-ano-letivo","status":"publish","type":"post","link":"https:\/\/cafecommessias.com.br\/?p=7901","title":{"rendered":"RN convoca 1.607 aprovados do concurso da Educa\u00e7\u00e3o e fortalece abertura do ano letivo"},"content":{"rendered":"\n<p><strong><em>Convoca\u00e7\u00e3o fortalece a rede estadual, valoriza a carreira docente e garante mais estabilidade para a amplia\u00e7\u00e3o da matr\u00edcula escolar<\/em><\/strong><\/p>\n\n\n\n<p>A governadora F\u00e1tima Bezerra anunciou, na tarde desta quarta-feira (7), a primeira convoca\u00e7\u00e3o do concurso p\u00fablico da Educa\u00e7\u00e3o, realizado no \u00faltimo ano, chamando 1.607 professores e especialistas para refor\u00e7ar a Rede Estadual de Ensino. A chegada dos novos profissionais para o in\u00edcio do ano letivo de 2026 \u00e9 vista pela gest\u00e3o como uma medida estrat\u00e9gica para garantir continuidade pedag\u00f3gica nas escolas e fortalecer o processo de ensino-aprendizagem.<\/p>\n\n\n\n<p>Ao comunicar a primeira chamada, a governadora destacou o simbolismo do momento e o impacto direto na rede: \u201c\u00c9 com muita alegria que anunciamos a convoca\u00e7\u00e3o de 1.607 professores e especialistas da educa\u00e7\u00e3o para a rede estadual de ensino. Receber esses novos profissionais logo no in\u00edcio do ano letivo \u00e9 motivo de grande felicidade\u201d, afirmou F\u00e1tima Bezerra, ao ressaltar que a medida fortalece a educa\u00e7\u00e3o potiguar, ampliando a capacidade de acolhimento e atendimento aos estudantes.<\/p>\n","protected":false},"excerpt":{"rendered":"<p>Convoca\u00e7\u00e3o fortalece a rede estadual, valoriza a carreira docente e garante mais estabilidade para a amplia\u00e7\u00e3o da matr\u00edcula escolar A governadora F\u00e1tima Bezerra anunciou, na tarde desta quarta-feira (7), a primeira convoca\u00e7\u00e3o do concurso p\u00fablico da Educa\u00e7\u00e3o, realizado no \u00faltimo ano, chamando 1.607 professores e especialistas para refor\u00e7ar a Rede Estadual de Ensino. A chegada&#8230;<\/p>\n","protected":false},"author":1,"featured_media":7902,"comment_status":"open","ping_status":"closed","sticky":false,"template":"","format":"standard","meta":{"footnotes":""},"categories":[3],"tags":[],"class_list":["post-7901","post","type-post","status-publish","format-standard","has-post-thumbnail","hentry","category-geral"],"_links":{"self":[{"href":"https:\/\/cafecommessias.com.br\/index.php?rest_route=\/wp\/v2\/posts\/7901","targetHints":{"allow":["GET"]}}],"collection":[{"href":"https:\/\/cafecommessias.com.br\/index.php?rest_route=\/wp\/v2\/posts"}],"about":[{"href":"https:\/\/cafecommessias.com.br\/index.php?rest_route=\/wp\/v2\/types\/post"}],"author":[{"embeddable":true,"href":"https:\/\/cafecommessias.com.br\/index.php?rest_route=\/wp\/v2\/users\/1"}],"replies":[{"embeddable":true,"href":"https:\/\/cafecommessias.com.br\/index.php?rest_route=%2Fwp%2Fv2%2Fcomments&post=7901"}],"version-history":[{"count":1,"href":"https:\/\/cafecommessias.com.br\/index.php?rest_route=\/wp\/v2\/posts\/7901\/revisions"}],"predecessor-version":[{"id":7903,"href":"https:\/\/cafecommessias.com.br\/index.php?rest_route=\/wp\/v2\/posts\/7901\/revisions\/7903"}],"wp:featuredmedia":[{"embeddable":true,"href":"https:\/\/cafecommessias.com.br\/index.php?rest_route=\/wp\/v2\/media\/7902"}],"wp:attachment":[{"href":"https:\/\/cafecommessias.com.br\/index.php?rest_route=%2Fwp%2Fv2%2Fmedia&parent=7901"}],"wp:term":[{"taxonomy":"category","embeddable":true,"href":"https:\/\/cafecommessias.com.br\/index.php?rest_route=%2Fwp%2Fv2%2Fcategories&post=7901"},{"taxonomy":"post_tag","embeddable":true,"href":"https:\/\/cafecommessias.com.br\/index.php?rest_route=%2Fwp%2Fv2%2Ftags&post=7901"}],"curies":[{"name":"wp","href":"https:\/\/api.w.org\/{rel}","templated":true}]}}