{"id":7908,"date":"2026-01-07T16:21:18","date_gmt":"2026-01-07T19:21:18","guid":{"rendered":"https:\/\/cafecommessias.com.br\/?p=7908"},"modified":"2026-01-07T16:21:38","modified_gmt":"2026-01-07T19:21:38","slug":"malafaia-deve-explicar-ofensas-a-alto-comando-do-exercito-em-15-dias-determina-moraes","status":"publish","type":"post","link":"https:\/\/cafecommessias.com.br\/?p=7908","title":{"rendered":"Malafaia deve explicar ofensas a Alto Comando do Ex\u00e9rcito em 15 dias, determina Moraes"},"content":{"rendered":"\n<p>Ap\u00f3s den\u00fancia apresentada pela Procuradoria-Geral da Rep\u00fablica (PGR) contra o&nbsp;pastor Silas Malafaia&nbsp;pelos crimes de inj\u00faria e cal\u00fania contra um comandante do Alto Comando do Ex\u00e9rcito, o ministro Alexandre de Moraes (STF) determinou que o l\u00edder religioso ter\u00e1 15 dias para explicar suas declara\u00e7\u00f5es.<\/p>\n\n\n\n<p>As declara\u00e7\u00f5es contra o militar Tom\u00e1s Miguel Min\u00e9 Ribeiro Paiva, feitas diante de milhares de pessoas, foram posteriormente publicadas no Instagram do pastor, onde ultrapassaram 300 mil visualiza\u00e7\u00f5es. A determina\u00e7\u00e3o judicial \u00e9 uma etapa que pode preceder a abertura de um processo contra Mafafaia.<\/p>\n\n\n\n<p>O STF deve decidir se aceitar\u00e1 a den\u00fancia ou n\u00e3o.&nbsp;Conforme aponta a PGR, o contexto da fala de Silas Malafaia \u00e9 a indigna\u00e7\u00e3o com a pris\u00e3o do general Walter Braga Netto, o qual foi condenado como membro do n\u00facleo 1 da trama golpista. Sua pena foi fixada em 26 anos de pris\u00e3o.<\/p>\n\n\n\n<blockquote class=\"wp-block-quote is-layout-flow wp-block-quote-is-layout-flow\">\n<p>\u201cOs elementos de que os autos est\u00e3o refertos n\u00e3o deixam d\u00favidas sobre a materialidade e a autoria delitivas, uma vez que as falas do denunciado foram p\u00fablicas e compartilhadas em suas redes sociais\u201d, diz o procurador-geral da Rep\u00fablica, Paulo Gonet, na den\u00fancia.<\/p>\n<\/blockquote>\n\n\n\n<p><em><sub>Por CNN Brasil<\/sub><\/em><\/p>\n\n\n\n<p><\/p>\n","protected":false},"excerpt":{"rendered":"<p>Ap\u00f3s den\u00fancia apresentada pela Procuradoria-Geral da Rep\u00fablica (PGR) contra o&nbsp;pastor Silas Malafaia&nbsp;pelos crimes de inj\u00faria e cal\u00fania contra um comandante do Alto Comando do Ex\u00e9rcito, o ministro Alexandre de Moraes (STF) determinou que o l\u00edder religioso ter\u00e1 15 dias para explicar suas declara\u00e7\u00f5es. As declara\u00e7\u00f5es contra o militar Tom\u00e1s Miguel Min\u00e9 Ribeiro Paiva, feitas diante&#8230;<\/p>\n","protected":false},"author":1,"featured_media":7909,"comment_status":"open","ping_status":"closed","sticky":false,"template":"","format":"standard","meta":{"footnotes":""},"categories":[3],"tags":[],"class_list":["post-7908","post","type-post","status-publish","format-standard","has-post-thumbnail","hentry","category-geral"],"_links":{"self":[{"href":"https:\/\/cafecommessias.com.br\/index.php?rest_route=\/wp\/v2\/posts\/7908","targetHints":{"allow":["GET"]}}],"collection":[{"href":"https:\/\/cafecommessias.com.br\/index.php?rest_route=\/wp\/v2\/posts"}],"about":[{"href":"https:\/\/cafecommessias.com.br\/index.php?rest_route=\/wp\/v2\/types\/post"}],"author":[{"embeddable":true,"href":"https:\/\/cafecommessias.com.br\/index.php?rest_route=\/wp\/v2\/users\/1"}],"replies":[{"embeddable":true,"href":"https:\/\/cafecommessias.com.br\/index.php?rest_route=%2Fwp%2Fv2%2Fcomments&post=7908"}],"version-history":[{"count":1,"href":"https:\/\/cafecommessias.com.br\/index.php?rest_route=\/wp\/v2\/posts\/7908\/revisions"}],"predecessor-version":[{"id":7910,"href":"https:\/\/cafecommessias.com.br\/index.php?rest_route=\/wp\/v2\/posts\/7908\/revisions\/7910"}],"wp:featuredmedia":[{"embeddable":true,"href":"https:\/\/cafecommessias.com.br\/index.php?rest_route=\/wp\/v2\/media\/7909"}],"wp:attachment":[{"href":"https:\/\/cafecommessias.com.br\/index.php?rest_route=%2Fwp%2Fv2%2Fmedia&parent=7908"}],"wp:term":[{"taxonomy":"category","embeddable":true,"href":"https:\/\/cafecommessias.com.br\/index.php?rest_route=%2Fwp%2Fv2%2Fcategories&post=7908"},{"taxonomy":"post_tag","embeddable":true,"href":"https:\/\/cafecommessias.com.br\/index.php?rest_route=%2Fwp%2Fv2%2Ftags&post=7908"}],"curies":[{"name":"wp","href":"https:\/\/api.w.org\/{rel}","templated":true}]}}