{"id":7935,"date":"2026-01-07T21:30:52","date_gmt":"2026-01-08T00:30:52","guid":{"rendered":"https:\/\/cafecommessias.com.br\/?p=7935"},"modified":"2026-01-07T21:31:04","modified_gmt":"2026-01-08T00:31:04","slug":"bolsonaro-cercado-por-8-agentes-e-escolta-pesada-a-prisao-que-virou-espetaculo","status":"publish","type":"post","link":"https:\/\/cafecommessias.com.br\/?p=7935","title":{"rendered":"Bolsonaro cercado por 8 agentes e escolta pesada: a pris\u00e3o que virou espet\u00e1culo"},"content":{"rendered":"\n<p>Desde 22 de novembro, a Pol\u00edcia Federal mant\u00e9m Jair Bolsonaro sob um esquema especial de seguran\u00e7a na Superintend\u00eancia da PF, onde cumpre pena de 27 anos e tr\u00eas meses por tentativa de golpe de Estado. O cuidado n\u00e3o \u00e9 s\u00f3 da PF: a Pol\u00edcia Penal Federal se juntou \u00e0 festa e atua na cust\u00f3dia e nas escoltas do ex-presidente, segundo informa\u00e7\u00f5es do Metr\u00f3poles.<\/p>\n\n\n\n<p>No quartel da pris\u00e3o, oito agentes da Pol\u00edcia Penal dividem plant\u00f5es di\u00e1rios, em duplas, garantindo que Bolsonaro esteja sempre vigiado. Cada sa\u00edda do pr\u00e9dio, como a feita nesta quarta-feira (7) para exames m\u00e9dicos no Hospital DF Star, vira opera\u00e7\u00e3o conjunta da PF e da PPF, com apoio da Pol\u00edcia Militar do Distrito Federal.<\/p>\n\n\n\n<p>A participa\u00e7\u00e3o da Pol\u00edcia Penal Federal come\u00e7ou logo no dia da pris\u00e3o, atendendo a pedido da pr\u00f3pria PF. O objetivo oficial \u00e9 refor\u00e7ar a seguran\u00e7a, mas a log\u00edstica revela o tamanho do aparato montado em torno de um ex-presidente condenado por tramar contra a democracia.<\/p>\n\n\n\n<p>Enquanto Bolsonaro cumpre sua pena de mais de 27 anos, o governo federal gasta dinheiro p\u00fablico com um esquema pesado de vigil\u00e2ncia. Um lembrete de que, por tr\u00e1s das manchetes, o Brasil segue lidando com os efeitos do governo que tentou subverter a Constitui\u00e7\u00e3o.<\/p>\n","protected":false},"excerpt":{"rendered":"<p>Desde 22 de novembro, a Pol\u00edcia Federal mant\u00e9m Jair Bolsonaro sob um esquema especial de seguran\u00e7a na Superintend\u00eancia da PF, onde cumpre pena de 27 anos e tr\u00eas meses por tentativa de golpe de Estado. O cuidado n\u00e3o \u00e9 s\u00f3 da PF: a Pol\u00edcia Penal Federal se juntou \u00e0 festa e atua na cust\u00f3dia e&#8230;<\/p>\n","protected":false},"author":1,"featured_media":7936,"comment_status":"open","ping_status":"closed","sticky":false,"template":"","format":"standard","meta":{"footnotes":""},"categories":[3],"tags":[],"class_list":["post-7935","post","type-post","status-publish","format-standard","has-post-thumbnail","hentry","category-geral"],"_links":{"self":[{"href":"https:\/\/cafecommessias.com.br\/index.php?rest_route=\/wp\/v2\/posts\/7935","targetHints":{"allow":["GET"]}}],"collection":[{"href":"https:\/\/cafecommessias.com.br\/index.php?rest_route=\/wp\/v2\/posts"}],"about":[{"href":"https:\/\/cafecommessias.com.br\/index.php?rest_route=\/wp\/v2\/types\/post"}],"author":[{"embeddable":true,"href":"https:\/\/cafecommessias.com.br\/index.php?rest_route=\/wp\/v2\/users\/1"}],"replies":[{"embeddable":true,"href":"https:\/\/cafecommessias.com.br\/index.php?rest_route=%2Fwp%2Fv2%2Fcomments&post=7935"}],"version-history":[{"count":1,"href":"https:\/\/cafecommessias.com.br\/index.php?rest_route=\/wp\/v2\/posts\/7935\/revisions"}],"predecessor-version":[{"id":7937,"href":"https:\/\/cafecommessias.com.br\/index.php?rest_route=\/wp\/v2\/posts\/7935\/revisions\/7937"}],"wp:featuredmedia":[{"embeddable":true,"href":"https:\/\/cafecommessias.com.br\/index.php?rest_route=\/wp\/v2\/media\/7936"}],"wp:attachment":[{"href":"https:\/\/cafecommessias.com.br\/index.php?rest_route=%2Fwp%2Fv2%2Fmedia&parent=7935"}],"wp:term":[{"taxonomy":"category","embeddable":true,"href":"https:\/\/cafecommessias.com.br\/index.php?rest_route=%2Fwp%2Fv2%2Fcategories&post=7935"},{"taxonomy":"post_tag","embeddable":true,"href":"https:\/\/cafecommessias.com.br\/index.php?rest_route=%2Fwp%2Fv2%2Ftags&post=7935"}],"curies":[{"name":"wp","href":"https:\/\/api.w.org\/{rel}","templated":true}]}}