{"id":7944,"date":"2026-01-07T21:38:39","date_gmt":"2026-01-08T00:38:39","guid":{"rendered":"https:\/\/cafecommessias.com.br\/?p=7944"},"modified":"2026-01-07T21:38:58","modified_gmt":"2026-01-08T00:38:58","slug":"moraes-barra-cfm-de-investigar-bolsonaro-e-manda-pf-interrogar-chefe-do-conselho-desvio-de-finalidade","status":"publish","type":"post","link":"https:\/\/cafecommessias.com.br\/?p=7944","title":{"rendered":"Moraes barra CFM de investigar Bolsonaro e manda PF interrogar chefe do conselho: \u201cdesvio de finalidade\u201d"},"content":{"rendered":"\n<p>O ministro Alexandre de Moraes, do STF, anulou a\u00a0sindic\u00e2ncia do Conselho Federal de Medicina (CFM) que investigava o atendimento m\u00e9dico de Jair Bolsonaro enquanto ele estava sob cust\u00f3dia da Pol\u00edcia Federal. Na decis\u00e3o, Moraes deixou claro: o CFM extrapolou suas fun\u00e7\u00f5es e cometeu um desvio de finalidade ao tentar fiscalizar atos da PF.<\/p>\n\n\n\n<p>O caso surgiu depois que Bolsonaro relatou ter ca\u00eddo da cama durante a madrugada. Um relat\u00f3rio m\u00e9dico mostrou que ele estava consciente, orientado, sem d\u00e9ficit neurol\u00f3gico e clinicamente est\u00e1vel. Exames realizados no Hospital DF Star n\u00e3o indicaram qualquer sequela. A Justi\u00e7a j\u00e1 havia garantido atendimento m\u00e9dico integral, que vinha sendo cumprido.<\/p>\n\n\n\n<p>Al\u00e9m de anular a sindic\u00e2ncia, Moraes determinou que o presidente do CFM seja ouvido pela Pol\u00edcia Federal em at\u00e9 dez dias. O Hospital DF Star tamb\u00e9m ter\u00e1 que enviar, em 24 horas, todos os exames e laudos m\u00e9dicos relacionados ao caso. Novas investiga\u00e7\u00f5es semelhantes pelo CFM est\u00e3o proibidas.<\/p>\n\n\n\n<p>A decis\u00e3o refor\u00e7a que \u00f3rg\u00e3os de fiscaliza\u00e7\u00e3o n\u00e3o podem se sobrepor \u00e0 Justi\u00e7a ou tentar politizar casos m\u00e9dicos. Bolsonaro segue sem problemas de sa\u00fade, enquanto o CFM recebeu um aviso claro: ultrapassou os limites da lei e da \u00e9tica profissional.<\/p>\n","protected":false},"excerpt":{"rendered":"<p>O ministro Alexandre de Moraes, do STF, anulou a\u00a0sindic\u00e2ncia do Conselho Federal de Medicina (CFM) que investigava o atendimento m\u00e9dico de Jair Bolsonaro enquanto ele estava sob cust\u00f3dia da Pol\u00edcia Federal. Na decis\u00e3o, Moraes deixou claro: o CFM extrapolou suas fun\u00e7\u00f5es e cometeu um desvio de finalidade ao tentar fiscalizar atos da PF. O caso&#8230;<\/p>\n","protected":false},"author":1,"featured_media":7945,"comment_status":"open","ping_status":"closed","sticky":false,"template":"","format":"standard","meta":{"footnotes":""},"categories":[3],"tags":[],"class_list":["post-7944","post","type-post","status-publish","format-standard","has-post-thumbnail","hentry","category-geral"],"_links":{"self":[{"href":"https:\/\/cafecommessias.com.br\/index.php?rest_route=\/wp\/v2\/posts\/7944","targetHints":{"allow":["GET"]}}],"collection":[{"href":"https:\/\/cafecommessias.com.br\/index.php?rest_route=\/wp\/v2\/posts"}],"about":[{"href":"https:\/\/cafecommessias.com.br\/index.php?rest_route=\/wp\/v2\/types\/post"}],"author":[{"embeddable":true,"href":"https:\/\/cafecommessias.com.br\/index.php?rest_route=\/wp\/v2\/users\/1"}],"replies":[{"embeddable":true,"href":"https:\/\/cafecommessias.com.br\/index.php?rest_route=%2Fwp%2Fv2%2Fcomments&post=7944"}],"version-history":[{"count":1,"href":"https:\/\/cafecommessias.com.br\/index.php?rest_route=\/wp\/v2\/posts\/7944\/revisions"}],"predecessor-version":[{"id":7946,"href":"https:\/\/cafecommessias.com.br\/index.php?rest_route=\/wp\/v2\/posts\/7944\/revisions\/7946"}],"wp:featuredmedia":[{"embeddable":true,"href":"https:\/\/cafecommessias.com.br\/index.php?rest_route=\/wp\/v2\/media\/7945"}],"wp:attachment":[{"href":"https:\/\/cafecommessias.com.br\/index.php?rest_route=%2Fwp%2Fv2%2Fmedia&parent=7944"}],"wp:term":[{"taxonomy":"category","embeddable":true,"href":"https:\/\/cafecommessias.com.br\/index.php?rest_route=%2Fwp%2Fv2%2Fcategories&post=7944"},{"taxonomy":"post_tag","embeddable":true,"href":"https:\/\/cafecommessias.com.br\/index.php?rest_route=%2Fwp%2Fv2%2Ftags&post=7944"}],"curies":[{"name":"wp","href":"https:\/\/api.w.org\/{rel}","templated":true}]}}