{"id":7982,"date":"2026-01-08T22:37:22","date_gmt":"2026-01-09T01:37:22","guid":{"rendered":"https:\/\/cafecommessias.com.br\/?p=7982"},"modified":"2026-01-08T22:37:38","modified_gmt":"2026-01-09T01:37:38","slug":"apos-veto-de-lula-relator-da-dosimetria-protocola-pl-da-anistia-no-senado","status":"publish","type":"post","link":"https:\/\/cafecommessias.com.br\/?p=7982","title":{"rendered":"Ap\u00f3s veto de Lula, relator da Dosimetria protocola PL da Anistia no Senado"},"content":{"rendered":"\n<p>Ap\u00f3s o presidente Luiz In\u00e1cio Lula da Silva (PT) vetar integralmente o PL da Dosimetria, o relator do texto no Senado, Esperidi\u00e3o Amin (PP-SC), protocolou nesta quinta-feira (8) um projeto de lei para anistiar os condenados pelos ataques \u00e0s sedes dos Tr\u00eas Poderes em 8 de janeiro de 2023.<\/p>\n\n\n\n<p>\u00c0 CNN, o senador justificou que sempre foi a favor da anistia para pacificar o pa\u00eds e que a redu\u00e7\u00e3o de penas aos envolvidos no 8\/1 e no plano de golpe, incluindo o ex-presidente Jair Bolsonaro, \u00e9 insuficiente.<\/p>\n\n\n\n<p>\u201cA dosimetria foi uma negocia\u00e7\u00e3o muito aqu\u00e9m do que acho que \u00e9 o justo. O justo \u00e9 anular o inqu\u00e9rito\u201d, disse o senador.<\/p>\n\n\n\n<p>Amin sustenta que n\u00e3o houve tentativa de golpe, mas atos de vandalismo facilitados por omiss\u00e3o de agentes p\u00fablicos, o que, segundo ele, n\u00e3o foi devidamente investigado.<\/p>\n\n\n\n<p>O senador ainda acusa que o inqu\u00e9rito do 8 de Janeiro tem nulidades, como foro inadequado no STF (Supremo Tribunal Federal), suspei\u00e7\u00e3o de ministros e investiga\u00e7\u00e3o tendenciosa comandada pelo ministro Alexandre de Moraes, relator da a\u00e7\u00e3o penal.<\/p>\n\n\n\n<p><em><sub>Por CNN<\/sub><\/em><\/p>\n\n\n\n<p><\/p>\n","protected":false},"excerpt":{"rendered":"<p>Ap\u00f3s o presidente Luiz In\u00e1cio Lula da Silva (PT) vetar integralmente o PL da Dosimetria, o relator do texto no Senado, Esperidi\u00e3o Amin (PP-SC), protocolou nesta quinta-feira (8) um projeto de lei para anistiar os condenados pelos ataques \u00e0s sedes dos Tr\u00eas Poderes em 8 de janeiro de 2023. \u00c0 CNN, o senador justificou que&#8230;<\/p>\n","protected":false},"author":1,"featured_media":7983,"comment_status":"open","ping_status":"closed","sticky":false,"template":"","format":"standard","meta":{"footnotes":""},"categories":[3],"tags":[],"class_list":["post-7982","post","type-post","status-publish","format-standard","has-post-thumbnail","hentry","category-geral"],"_links":{"self":[{"href":"https:\/\/cafecommessias.com.br\/index.php?rest_route=\/wp\/v2\/posts\/7982","targetHints":{"allow":["GET"]}}],"collection":[{"href":"https:\/\/cafecommessias.com.br\/index.php?rest_route=\/wp\/v2\/posts"}],"about":[{"href":"https:\/\/cafecommessias.com.br\/index.php?rest_route=\/wp\/v2\/types\/post"}],"author":[{"embeddable":true,"href":"https:\/\/cafecommessias.com.br\/index.php?rest_route=\/wp\/v2\/users\/1"}],"replies":[{"embeddable":true,"href":"https:\/\/cafecommessias.com.br\/index.php?rest_route=%2Fwp%2Fv2%2Fcomments&post=7982"}],"version-history":[{"count":1,"href":"https:\/\/cafecommessias.com.br\/index.php?rest_route=\/wp\/v2\/posts\/7982\/revisions"}],"predecessor-version":[{"id":7984,"href":"https:\/\/cafecommessias.com.br\/index.php?rest_route=\/wp\/v2\/posts\/7982\/revisions\/7984"}],"wp:featuredmedia":[{"embeddable":true,"href":"https:\/\/cafecommessias.com.br\/index.php?rest_route=\/wp\/v2\/media\/7983"}],"wp:attachment":[{"href":"https:\/\/cafecommessias.com.br\/index.php?rest_route=%2Fwp%2Fv2%2Fmedia&parent=7982"}],"wp:term":[{"taxonomy":"category","embeddable":true,"href":"https:\/\/cafecommessias.com.br\/index.php?rest_route=%2Fwp%2Fv2%2Fcategories&post=7982"},{"taxonomy":"post_tag","embeddable":true,"href":"https:\/\/cafecommessias.com.br\/index.php?rest_route=%2Fwp%2Fv2%2Ftags&post=7982"}],"curies":[{"name":"wp","href":"https:\/\/api.w.org\/{rel}","templated":true}]}}