{"id":7988,"date":"2026-01-08T22:41:54","date_gmt":"2026-01-09T01:41:54","guid":{"rendered":"https:\/\/cafecommessias.com.br\/?p=7988"},"modified":"2026-01-08T22:43:33","modified_gmt":"2026-01-09T01:43:33","slug":"lula-nao-quer-paz-diz-flavio-bolsonaro-apos-veto-ao-pl-da-dosimetria","status":"publish","type":"post","link":"https:\/\/cafecommessias.com.br\/?p=7988","title":{"rendered":"\u2018Lula n\u00e3o quer paz\u2019, diz Fl\u00e1vio Bolsonaro ap\u00f3s veto ao PL da Dosimetria"},"content":{"rendered":"\n<p>Ap\u00f3s o presidente Lula vetar o PL da Dosimetria, que previa a redu\u00e7\u00e3o de penas para condenados pela tentativa de golpe de Estado, o senador Fl\u00e1vio Bolsonaro (PL-RJ) afirmou nas redes sociais que o governo \u201cn\u00e3o quer paz\u201d e promove persegui\u00e7\u00e3o pol\u00edtica.<\/p>\n\n\n\n<p>Em publica\u00e7\u00e3o, o parlamentar criticou a pol\u00edtica de seguran\u00e7a p\u00fablica, acusou o governo de ignorar o avan\u00e7o da criminalidade e disse que h\u00e1 uma \u201cinvers\u00e3o de valores\u201d ao tratar com mais rigor os envolvidos nos atos golpistas do que crimes violentos.<\/p>\n\n\n\n<p>Fl\u00e1vio tamb\u00e9m anunciou que a oposi\u00e7\u00e3o vai trabalhar para derrubar o veto na primeira sess\u00e3o do Congresso Nacional.<\/p>\n\n\n\n<p>Para isso, ser\u00e3o necess\u00e1rios ao menos 257 votos na C\u00e2mara e 41 no Senado, em sess\u00e3o conjunta convocada pelo presidente do Senado, Davi Alcolumbre.<\/p>\n\n\n\n<p>O PL da Dosimetria alterava crit\u00e9rios de fixa\u00e7\u00e3o de penas e poderia beneficiar r\u00e9us condenados pelos atos de 8 de Janeiro, incluindo o ex-presidente Jair Bolsonaro.<\/p>\n","protected":false},"excerpt":{"rendered":"<p>Ap\u00f3s o presidente Lula vetar o PL da Dosimetria, que previa a redu\u00e7\u00e3o de penas para condenados pela tentativa de golpe de Estado, o senador Fl\u00e1vio Bolsonaro (PL-RJ) afirmou nas redes sociais que o governo \u201cn\u00e3o quer paz\u201d e promove persegui\u00e7\u00e3o pol\u00edtica. Em publica\u00e7\u00e3o, o parlamentar criticou a pol\u00edtica de seguran\u00e7a p\u00fablica, acusou o governo&#8230;<\/p>\n","protected":false},"author":1,"featured_media":7989,"comment_status":"open","ping_status":"closed","sticky":false,"template":"","format":"standard","meta":{"footnotes":""},"categories":[3],"tags":[],"class_list":["post-7988","post","type-post","status-publish","format-standard","has-post-thumbnail","hentry","category-geral"],"_links":{"self":[{"href":"https:\/\/cafecommessias.com.br\/index.php?rest_route=\/wp\/v2\/posts\/7988","targetHints":{"allow":["GET"]}}],"collection":[{"href":"https:\/\/cafecommessias.com.br\/index.php?rest_route=\/wp\/v2\/posts"}],"about":[{"href":"https:\/\/cafecommessias.com.br\/index.php?rest_route=\/wp\/v2\/types\/post"}],"author":[{"embeddable":true,"href":"https:\/\/cafecommessias.com.br\/index.php?rest_route=\/wp\/v2\/users\/1"}],"replies":[{"embeddable":true,"href":"https:\/\/cafecommessias.com.br\/index.php?rest_route=%2Fwp%2Fv2%2Fcomments&post=7988"}],"version-history":[{"count":1,"href":"https:\/\/cafecommessias.com.br\/index.php?rest_route=\/wp\/v2\/posts\/7988\/revisions"}],"predecessor-version":[{"id":7990,"href":"https:\/\/cafecommessias.com.br\/index.php?rest_route=\/wp\/v2\/posts\/7988\/revisions\/7990"}],"wp:featuredmedia":[{"embeddable":true,"href":"https:\/\/cafecommessias.com.br\/index.php?rest_route=\/wp\/v2\/media\/7989"}],"wp:attachment":[{"href":"https:\/\/cafecommessias.com.br\/index.php?rest_route=%2Fwp%2Fv2%2Fmedia&parent=7988"}],"wp:term":[{"taxonomy":"category","embeddable":true,"href":"https:\/\/cafecommessias.com.br\/index.php?rest_route=%2Fwp%2Fv2%2Fcategories&post=7988"},{"taxonomy":"post_tag","embeddable":true,"href":"https:\/\/cafecommessias.com.br\/index.php?rest_route=%2Fwp%2Fv2%2Ftags&post=7988"}],"curies":[{"name":"wp","href":"https:\/\/api.w.org\/{rel}","templated":true}]}}