{"id":7997,"date":"2026-01-09T07:20:08","date_gmt":"2026-01-09T10:20:08","guid":{"rendered":"https:\/\/cafecommessias.com.br\/?p=7997"},"modified":"2026-01-09T07:20:25","modified_gmt":"2026-01-09T10:20:25","slug":"ministros-e-cupula-do-poder-fizeram-quase-1-800-voos-pela-fab-em-2025","status":"publish","type":"post","link":"https:\/\/cafecommessias.com.br\/?p=7997","title":{"rendered":"Ministros e c\u00fapula do poder fizeram quase 1.800 voos pela FAB em 2025"},"content":{"rendered":"\n<p>Os jatinhos da For\u00e7a A\u00e9rea Brasileira (FAB) realizaram ao menos 1.778 decolagens em 2025 para transportar autoridades da Rep\u00fablica, consolidando mais um ano de uso intenso da frota oficial por integrantes da elite do poder em Bras\u00edlia. T\u00eam direito formal ao benef\u00edcio ministros de Estado, chefes das For\u00e7as Armadas e presidentes da C\u00e2mara, do Senado e do STF \u2014 mas, no governo Lula, a pr\u00e1tica foi ampliada e passou a incluir tamb\u00e9m ministros do Supremo, mesmo sem previs\u00e3o legal. Os deslocamentos do presidente Lula e da primeira-dama Janja n\u00e3o entram na conta, protegidos por sigilo.<\/p>\n\n\n\n<p>Entre os principais usu\u00e1rios aparece o presidente da C\u00e2mara, Hugo Motta, que mesmo possuindo avi\u00e3o pr\u00f3prio realizou ao menos 141 viagens em aeronaves da FAB ao longo do ano. O volume chama aten\u00e7\u00e3o pelo car\u00e1ter recorrente dos deslocamentos e refor\u00e7a cr\u00edticas sobre o uso da estrutura p\u00fablica para agendas pol\u00edticas e pessoais.<\/p>\n\n\n\n<p>Na Esplanada, o ministro da Fazenda, Fernando Haddad, tamb\u00e9m figura entre os que mais utilizaram os avi\u00f5es oficiais: foram 132 voos em 2025, 20 a mais do que no ano anterior. O n\u00famero contrasta com o discurso de austeridade fiscal e conten\u00e7\u00e3o de gastos defendido pelo pr\u00f3prio ministro.<\/p>\n\n\n\n<p>O Supremo Tribunal Federal tamb\u00e9m ampliou o uso da frota. Apenas a Presid\u00eancia da Corte realizou 100 decolagens no ano, enquanto outros ministros somaram mais 19 voos. No total, o n\u00famero de viagens em 2025 supera o registrado em 2024 (1.553) e s\u00f3 fica abaixo de 2023, quando foram contabilizadas 1.997 decolagens, mantendo o debate sobre privil\u00e9gios e transpar\u00eancia no uso de recursos p\u00fablicos.<\/p>\n\n\n\n<p><em><sub>Por Di\u00e1rio do Poder<\/sub><\/em><\/p>\n\n\n\n<p><\/p>\n","protected":false},"excerpt":{"rendered":"<p>Os jatinhos da For\u00e7a A\u00e9rea Brasileira (FAB) realizaram ao menos 1.778 decolagens em 2025 para transportar autoridades da Rep\u00fablica, consolidando mais um ano de uso intenso da frota oficial por integrantes da elite do poder em Bras\u00edlia. T\u00eam direito formal ao benef\u00edcio ministros de Estado, chefes das For\u00e7as Armadas e presidentes da C\u00e2mara, do Senado&#8230;<\/p>\n","protected":false},"author":1,"featured_media":7998,"comment_status":"open","ping_status":"closed","sticky":false,"template":"","format":"standard","meta":{"footnotes":""},"categories":[37],"tags":[],"class_list":["post-7997","post","type-post","status-publish","format-standard","has-post-thumbnail","hentry","category-brasil"],"_links":{"self":[{"href":"https:\/\/cafecommessias.com.br\/index.php?rest_route=\/wp\/v2\/posts\/7997","targetHints":{"allow":["GET"]}}],"collection":[{"href":"https:\/\/cafecommessias.com.br\/index.php?rest_route=\/wp\/v2\/posts"}],"about":[{"href":"https:\/\/cafecommessias.com.br\/index.php?rest_route=\/wp\/v2\/types\/post"}],"author":[{"embeddable":true,"href":"https:\/\/cafecommessias.com.br\/index.php?rest_route=\/wp\/v2\/users\/1"}],"replies":[{"embeddable":true,"href":"https:\/\/cafecommessias.com.br\/index.php?rest_route=%2Fwp%2Fv2%2Fcomments&post=7997"}],"version-history":[{"count":1,"href":"https:\/\/cafecommessias.com.br\/index.php?rest_route=\/wp\/v2\/posts\/7997\/revisions"}],"predecessor-version":[{"id":7999,"href":"https:\/\/cafecommessias.com.br\/index.php?rest_route=\/wp\/v2\/posts\/7997\/revisions\/7999"}],"wp:featuredmedia":[{"embeddable":true,"href":"https:\/\/cafecommessias.com.br\/index.php?rest_route=\/wp\/v2\/media\/7998"}],"wp:attachment":[{"href":"https:\/\/cafecommessias.com.br\/index.php?rest_route=%2Fwp%2Fv2%2Fmedia&parent=7997"}],"wp:term":[{"taxonomy":"category","embeddable":true,"href":"https:\/\/cafecommessias.com.br\/index.php?rest_route=%2Fwp%2Fv2%2Fcategories&post=7997"},{"taxonomy":"post_tag","embeddable":true,"href":"https:\/\/cafecommessias.com.br\/index.php?rest_route=%2Fwp%2Fv2%2Ftags&post=7997"}],"curies":[{"name":"wp","href":"https:\/\/api.w.org\/{rel}","templated":true}]}}