{"id":8000,"date":"2026-01-09T07:22:14","date_gmt":"2026-01-09T10:22:14","guid":{"rendered":"https:\/\/cafecommessias.com.br\/?p=8000"},"modified":"2026-01-09T07:28:23","modified_gmt":"2026-01-09T10:28:23","slug":"incendio-de-grandes-proporcoes-e-registrado-na-zona-rural-de-sao-miguel-do-gostoso","status":"publish","type":"post","link":"https:\/\/cafecommessias.com.br\/?p=8000","title":{"rendered":"Inc\u00eandio de grandes propor\u00e7\u00f5es \u00e9 registrado na zona rural de S\u00e3o Miguel do Gostoso"},"content":{"rendered":"\n<p>Durante a noite desta \u00faltima quarta-feira (07), um foco de inc\u00eandio foi registrado na zona rural de S\u00e3o Miguel do Gostoso, nas proximidades da Lagoa do Cardeiro.<\/p>\n\n\n\n<p>As chamas chamaram a aten\u00e7\u00e3o de moradores da regi\u00e3o, que tentaram conter o fogo utilizando extintores e \u00e1gua. A informa\u00e7\u00e3o \u00e9 do portal&nbsp;<a href=\"https:\/\/www.instagram.com\/ocontador.causos\/?e=13fe7cc2-8309-430e-9590-acf81384f737&amp;g=5\">ocontador.causos<\/a><\/p>\n\n\n\n<p>Diante da gravidade da situa\u00e7\u00e3o, o Corpo de Bombeiros foi acionado e conseguiu controlar o inc\u00eandio por volta das 21h, segundo relatos de testemunhas.<\/p>\n\n\n\n<p>At\u00e9 o momento, n\u00e3o h\u00e1 informa\u00e7\u00f5es sobre as causas do inc\u00eandio.<\/p>\n","protected":false},"excerpt":{"rendered":"<p>Durante a noite desta \u00faltima quarta-feira (07), um foco de inc\u00eandio foi registrado na zona rural de S\u00e3o Miguel do Gostoso, nas proximidades da Lagoa do Cardeiro. As chamas chamaram a aten\u00e7\u00e3o de moradores da regi\u00e3o, que tentaram conter o fogo utilizando extintores e \u00e1gua. A informa\u00e7\u00e3o \u00e9 do portal&nbsp;ocontador.causos Diante da gravidade da situa\u00e7\u00e3o,&#8230;<\/p>\n","protected":false},"author":1,"featured_media":8001,"comment_status":"open","ping_status":"closed","sticky":false,"template":"","format":"standard","meta":{"footnotes":""},"categories":[3],"tags":[],"class_list":["post-8000","post","type-post","status-publish","format-standard","has-post-thumbnail","hentry","category-geral"],"_links":{"self":[{"href":"https:\/\/cafecommessias.com.br\/index.php?rest_route=\/wp\/v2\/posts\/8000","targetHints":{"allow":["GET"]}}],"collection":[{"href":"https:\/\/cafecommessias.com.br\/index.php?rest_route=\/wp\/v2\/posts"}],"about":[{"href":"https:\/\/cafecommessias.com.br\/index.php?rest_route=\/wp\/v2\/types\/post"}],"author":[{"embeddable":true,"href":"https:\/\/cafecommessias.com.br\/index.php?rest_route=\/wp\/v2\/users\/1"}],"replies":[{"embeddable":true,"href":"https:\/\/cafecommessias.com.br\/index.php?rest_route=%2Fwp%2Fv2%2Fcomments&post=8000"}],"version-history":[{"count":1,"href":"https:\/\/cafecommessias.com.br\/index.php?rest_route=\/wp\/v2\/posts\/8000\/revisions"}],"predecessor-version":[{"id":8002,"href":"https:\/\/cafecommessias.com.br\/index.php?rest_route=\/wp\/v2\/posts\/8000\/revisions\/8002"}],"wp:featuredmedia":[{"embeddable":true,"href":"https:\/\/cafecommessias.com.br\/index.php?rest_route=\/wp\/v2\/media\/8001"}],"wp:attachment":[{"href":"https:\/\/cafecommessias.com.br\/index.php?rest_route=%2Fwp%2Fv2%2Fmedia&parent=8000"}],"wp:term":[{"taxonomy":"category","embeddable":true,"href":"https:\/\/cafecommessias.com.br\/index.php?rest_route=%2Fwp%2Fv2%2Fcategories&post=8000"},{"taxonomy":"post_tag","embeddable":true,"href":"https:\/\/cafecommessias.com.br\/index.php?rest_route=%2Fwp%2Fv2%2Ftags&post=8000"}],"curies":[{"name":"wp","href":"https:\/\/api.w.org\/{rel}","templated":true}]}}