{"id":8062,"date":"2026-01-09T20:40:23","date_gmt":"2026-01-09T23:40:23","guid":{"rendered":"https:\/\/cafecommessias.com.br\/?p=8062"},"modified":"2026-01-09T20:40:36","modified_gmt":"2026-01-09T23:40:36","slug":"ivan-baron-se-filia-ao-mdb-assume-mdb-jovem-e-confirma-pre-candidatura-a-deputado-estadual","status":"publish","type":"post","link":"https:\/\/cafecommessias.com.br\/?p=8062","title":{"rendered":"Ivan Baron se filia ao MDB, assume MDB Jovem e confirma pr\u00e9-candidatura a deputado estadual"},"content":{"rendered":"\n<p>O ativista da inclus\u00e3o Ivan Baron oficializou hoje (9) a filia\u00e7\u00e3o ao Movimento Democr\u00e1tico Brasileiro no Rio Grande do Norte (MDB-RN). A ficha de filia\u00e7\u00e3o foi abonada pelo vice-governador e presidente estadual do partido, Walter Alves. Na ocasi\u00e3o, Ivan tamb\u00e9m assumiu a presid\u00eancia do MDB Jovem e confirmou sua pr\u00e9-candidatura a deputado estadual nas Elei\u00e7\u00f5es de 2026.<\/p>\n\n\n\n<p>Reconhecido nacionalmente por sua atua\u00e7\u00e3o em defesa dos direitos das pessoas com defici\u00eancia, Ivan Baron chega ao MDB ap\u00f3s meses de di\u00e1logo e articula\u00e7\u00f5es pol\u00edticas, consolidando um projeto que une juventude, inclus\u00e3o social e renova\u00e7\u00e3o pol\u00edtica. A filia\u00e7\u00e3o marca o in\u00edcio de sua atua\u00e7\u00e3o direta na pol\u00edtica partid\u00e1ria, com foco na constru\u00e7\u00e3o de pol\u00edticas p\u00fablicas conectadas \u00e0s demandas da sociedade contempor\u00e2nea.<\/p>\n\n\n\n<p>\u201cEssa filia\u00e7\u00e3o acontece no momento certo. Pensamos no presente, mas sobretudo no futuro pol\u00edtico de 2026. A pr\u00e9-candidatura nasce desse compromisso com a inclus\u00e3o, com a juventude e com a transforma\u00e7\u00e3o social. Assumir o MDB Jovem \u00e9 tamb\u00e9m assumir a responsabilidade de trazer a juventude de volta para a pol\u00edtica\u201d, afirmou Ivan.<\/p>\n\n\n\n<p>Walter Alves destacou a import\u00e2ncia da filia\u00e7\u00e3o de Ivan Baron para o fortalecimento do MDB. \u201cA chegada de Ivan representa renova\u00e7\u00e3o, representatividade e di\u00e1logo com as novas gera\u00e7\u00f5es. \u00c9 um nome com trajet\u00f3ria, visibilidade e compromisso social, que fortalece o partido e amplia nossa conex\u00e3o com a juventude e com a pauta da inclus\u00e3o\u201d, ressaltou.<\/p>\n","protected":false},"excerpt":{"rendered":"<p>O ativista da inclus\u00e3o Ivan Baron oficializou hoje (9) a filia\u00e7\u00e3o ao Movimento Democr\u00e1tico Brasileiro no Rio Grande do Norte (MDB-RN). A ficha de filia\u00e7\u00e3o foi abonada pelo vice-governador e presidente estadual do partido, Walter Alves. Na ocasi\u00e3o, Ivan tamb\u00e9m assumiu a presid\u00eancia do MDB Jovem e confirmou sua pr\u00e9-candidatura a deputado estadual nas Elei\u00e7\u00f5es&#8230;<\/p>\n","protected":false},"author":1,"featured_media":8063,"comment_status":"open","ping_status":"closed","sticky":false,"template":"","format":"standard","meta":{"footnotes":""},"categories":[3],"tags":[],"class_list":["post-8062","post","type-post","status-publish","format-standard","has-post-thumbnail","hentry","category-geral"],"_links":{"self":[{"href":"https:\/\/cafecommessias.com.br\/index.php?rest_route=\/wp\/v2\/posts\/8062","targetHints":{"allow":["GET"]}}],"collection":[{"href":"https:\/\/cafecommessias.com.br\/index.php?rest_route=\/wp\/v2\/posts"}],"about":[{"href":"https:\/\/cafecommessias.com.br\/index.php?rest_route=\/wp\/v2\/types\/post"}],"author":[{"embeddable":true,"href":"https:\/\/cafecommessias.com.br\/index.php?rest_route=\/wp\/v2\/users\/1"}],"replies":[{"embeddable":true,"href":"https:\/\/cafecommessias.com.br\/index.php?rest_route=%2Fwp%2Fv2%2Fcomments&post=8062"}],"version-history":[{"count":1,"href":"https:\/\/cafecommessias.com.br\/index.php?rest_route=\/wp\/v2\/posts\/8062\/revisions"}],"predecessor-version":[{"id":8064,"href":"https:\/\/cafecommessias.com.br\/index.php?rest_route=\/wp\/v2\/posts\/8062\/revisions\/8064"}],"wp:featuredmedia":[{"embeddable":true,"href":"https:\/\/cafecommessias.com.br\/index.php?rest_route=\/wp\/v2\/media\/8063"}],"wp:attachment":[{"href":"https:\/\/cafecommessias.com.br\/index.php?rest_route=%2Fwp%2Fv2%2Fmedia&parent=8062"}],"wp:term":[{"taxonomy":"category","embeddable":true,"href":"https:\/\/cafecommessias.com.br\/index.php?rest_route=%2Fwp%2Fv2%2Fcategories&post=8062"},{"taxonomy":"post_tag","embeddable":true,"href":"https:\/\/cafecommessias.com.br\/index.php?rest_route=%2Fwp%2Fv2%2Ftags&post=8062"}],"curies":[{"name":"wp","href":"https:\/\/api.w.org\/{rel}","templated":true}]}}