{"id":8069,"date":"2026-01-09T20:59:18","date_gmt":"2026-01-09T23:59:18","guid":{"rendered":"https:\/\/cafecommessias.com.br\/?p=8069"},"modified":"2026-01-09T21:06:43","modified_gmt":"2026-01-10T00:06:43","slug":"joao-camara-vice-prefeito-holderlin-recebe-a-presidenta-do-sinte-egivania-jornalista-jasaocorreligionarios-e-amigos-na-casa-de-praia","status":"publish","type":"post","link":"https:\/\/cafecommessias.com.br\/?p=8069","title":{"rendered":"Jo\u00e3o C\u00e2mara: Vice-prefeito\u00a0Holderlin, \u00a0recebe\u00a0a presidenta\u00a0do\u00a0Sinte,\u00a0Egivania,\u00a0Jornalista Jas\u00e3o,correligion\u00e1rios e amigos na casa de praia"},"content":{"rendered":"\n<p>O vice-prefeito&nbsp;Holderlin&nbsp;Silva segue recebendo correligion\u00e1rios e amigos na&nbsp;casa de praia da fam\u00edlia na Praia do Marco nesse per\u00edodo de ver\u00e3o.<\/p>\n\n\n\n<figure class=\"wp-block-image size-full\"><img loading=\"lazy\" decoding=\"async\" width=\"700\" height=\"500\" src=\"https:\/\/cafecommessias.com.br\/wp-content\/uploads\/2026\/01\/Holderlin-02.jpg\" alt=\"\" class=\"wp-image-8071\" srcset=\"https:\/\/cafecommessias.com.br\/wp-content\/uploads\/2026\/01\/Holderlin-02.jpg 700w, https:\/\/cafecommessias.com.br\/wp-content\/uploads\/2026\/01\/Holderlin-02-300x214.jpg 300w\" sizes=\"auto, (max-width: 700px) 100vw, 700px\" \/><\/figure>\n\n\n\n<p class=\"has-text-align-center\"><strong>\u00a0Foto: Jane Souza<\/strong><\/p>\n\n\n\n<p>Nesta quinta-feira, 08, esteve com o vice-prefeito, a professora&nbsp;Egivania, presidenta do&nbsp;Sinte&nbsp;regional Jo\u00e3o C\u00e2mara e o jornalista Jas\u00e3o e esposa, al\u00e9m outros amigos e correligion\u00e1rios.&nbsp;<\/p>\n\n\n\n<p>Al\u00e9m de uma boa conversa de alpendre, aproveitaram para&nbsp;curtir a&nbsp;beleza natural da Praia do Descobrimento com suas \u00e1guas calmas&nbsp;e&nbsp;paisagem deslumbrante.&nbsp;<\/p>\n\n\n\n<p>O final de semana promete ainda mais visitas em raz\u00e3o da realiza\u00e7\u00e3o do Ver\u00e3o da Gente 2026.&nbsp;<\/p>\n\n\n\n<p class=\"has-text-align-center\"><strong><em>PUBLICIDADE<\/em><\/strong><\/p>\n\n\n\n<figure class=\"wp-block-image size-full\"><img loading=\"lazy\" decoding=\"async\" width=\"750\" height=\"200\" src=\"https:\/\/cafecommessias.com.br\/wp-content\/uploads\/2025\/11\/4393523284158855043-1.gif\" alt=\"\" class=\"wp-image-5553\"\/><\/figure>\n","protected":false},"excerpt":{"rendered":"<p>O vice-prefeito&nbsp;Holderlin&nbsp;Silva segue recebendo correligion\u00e1rios e amigos na&nbsp;casa de praia da fam\u00edlia na Praia do Marco nesse per\u00edodo de ver\u00e3o. \u00a0Foto: Jane Souza Nesta quinta-feira, 08, esteve com o vice-prefeito, a professora&nbsp;Egivania, presidenta do&nbsp;Sinte&nbsp;regional Jo\u00e3o C\u00e2mara e o jornalista Jas\u00e3o e esposa, al\u00e9m outros amigos e correligion\u00e1rios.&nbsp; Al\u00e9m de uma boa conversa de alpendre, aproveitaram&#8230;<\/p>\n","protected":false},"author":1,"featured_media":8070,"comment_status":"open","ping_status":"closed","sticky":false,"template":"","format":"standard","meta":{"footnotes":""},"categories":[4,3],"tags":[],"class_list":["post-8069","post","type-post","status-publish","format-standard","has-post-thumbnail","hentry","category-anuncie-aqui","category-geral"],"_links":{"self":[{"href":"https:\/\/cafecommessias.com.br\/index.php?rest_route=\/wp\/v2\/posts\/8069","targetHints":{"allow":["GET"]}}],"collection":[{"href":"https:\/\/cafecommessias.com.br\/index.php?rest_route=\/wp\/v2\/posts"}],"about":[{"href":"https:\/\/cafecommessias.com.br\/index.php?rest_route=\/wp\/v2\/types\/post"}],"author":[{"embeddable":true,"href":"https:\/\/cafecommessias.com.br\/index.php?rest_route=\/wp\/v2\/users\/1"}],"replies":[{"embeddable":true,"href":"https:\/\/cafecommessias.com.br\/index.php?rest_route=%2Fwp%2Fv2%2Fcomments&post=8069"}],"version-history":[{"count":3,"href":"https:\/\/cafecommessias.com.br\/index.php?rest_route=\/wp\/v2\/posts\/8069\/revisions"}],"predecessor-version":[{"id":8076,"href":"https:\/\/cafecommessias.com.br\/index.php?rest_route=\/wp\/v2\/posts\/8069\/revisions\/8076"}],"wp:featuredmedia":[{"embeddable":true,"href":"https:\/\/cafecommessias.com.br\/index.php?rest_route=\/wp\/v2\/media\/8070"}],"wp:attachment":[{"href":"https:\/\/cafecommessias.com.br\/index.php?rest_route=%2Fwp%2Fv2%2Fmedia&parent=8069"}],"wp:term":[{"taxonomy":"category","embeddable":true,"href":"https:\/\/cafecommessias.com.br\/index.php?rest_route=%2Fwp%2Fv2%2Fcategories&post=8069"},{"taxonomy":"post_tag","embeddable":true,"href":"https:\/\/cafecommessias.com.br\/index.php?rest_route=%2Fwp%2Fv2%2Ftags&post=8069"}],"curies":[{"name":"wp","href":"https:\/\/api.w.org\/{rel}","templated":true}]}}