{"id":8077,"date":"2026-01-09T21:10:47","date_gmt":"2026-01-10T00:10:47","guid":{"rendered":"https:\/\/cafecommessias.com.br\/?p=8077"},"modified":"2026-01-09T21:11:18","modified_gmt":"2026-01-10T00:11:18","slug":"fe-e-resistencia-bispo-promete-oracoes-e-forca-espiritual-a-bolsonaro-na-prisao","status":"publish","type":"post","link":"https:\/\/cafecommessias.com.br\/?p=8077","title":{"rendered":"F\u00e9 e resist\u00eancia: bispo promete ora\u00e7\u00f5es e for\u00e7a espiritual a Bolsonaro na pris\u00e3o"},"content":{"rendered":"\n<p>O bispo Robson Rodovalho, fundador da igreja Sara Nossa Terra e amigo de longa data de Jair Bolsonaro, disse que pretende prestar assist\u00eancia espiritual ao ex-presidente na Superintend\u00eancia da Pol\u00edcia Federal. Ele afirmou que, se autorizado pelo STF, far\u00e1 ora\u00e7\u00f5es, leituras b\u00edblicas e momentos de medita\u00e7\u00e3o com Bolsonaro, segundo informa\u00e7\u00f5es de O Globo.<\/p>\n\n\n\n<p>Rodovalho ressaltou a rela\u00e7\u00e3o de mais de 25 anos com o ex-presidente, desde o tempo em que foram deputados juntos. \u201cBolsonaro \u00e9 gente querida, amada, que tem muito carinho com a gente. Somos amigos h\u00e1 mais de 25 anos\u201d, disse. Ele afirmou ainda que se sente honrado com a indica\u00e7\u00e3o, mas que qualquer a\u00e7\u00e3o depende da autoriza\u00e7\u00e3o judicial.<\/p>\n\n\n\n<p>Segundo o bispo, a assist\u00eancia espiritual ser\u00e1 adaptada ao estado emocional e f\u00edsico do ex-presidente. O trabalho envolve leituras b\u00edblicas, medita\u00e7\u00e3o e, dependendo do perfil, m\u00fasica como ferramenta de apoio, sempre com foco no fortalecimento interior e na f\u00e9.<\/p>\n\n\n\n<p>O pedido de assist\u00eancia religiosa faz parte de um pacote de solicita\u00e7\u00f5es da defesa de Bolsonaro ao STF, que inclui a remi\u00e7\u00e3o de pena por leitura e autoriza\u00e7\u00e3o para acesso a uma Smart TV na cela. A Lei de Execu\u00e7\u00e3o Penal prev\u00ea que cada obra lida e aprovada pode reduzir quatro dias da pena, desde que registrada e homologada pela Justi\u00e7a.<\/p>\n","protected":false},"excerpt":{"rendered":"<p>O bispo Robson Rodovalho, fundador da igreja Sara Nossa Terra e amigo de longa data de Jair Bolsonaro, disse que pretende prestar assist\u00eancia espiritual ao ex-presidente na Superintend\u00eancia da Pol\u00edcia Federal. Ele afirmou que, se autorizado pelo STF, far\u00e1 ora\u00e7\u00f5es, leituras b\u00edblicas e momentos de medita\u00e7\u00e3o com Bolsonaro, segundo informa\u00e7\u00f5es de O Globo. Rodovalho ressaltou&#8230;<\/p>\n","protected":false},"author":1,"featured_media":8078,"comment_status":"open","ping_status":"closed","sticky":false,"template":"","format":"standard","meta":{"footnotes":""},"categories":[3],"tags":[],"class_list":["post-8077","post","type-post","status-publish","format-standard","has-post-thumbnail","hentry","category-geral"],"_links":{"self":[{"href":"https:\/\/cafecommessias.com.br\/index.php?rest_route=\/wp\/v2\/posts\/8077","targetHints":{"allow":["GET"]}}],"collection":[{"href":"https:\/\/cafecommessias.com.br\/index.php?rest_route=\/wp\/v2\/posts"}],"about":[{"href":"https:\/\/cafecommessias.com.br\/index.php?rest_route=\/wp\/v2\/types\/post"}],"author":[{"embeddable":true,"href":"https:\/\/cafecommessias.com.br\/index.php?rest_route=\/wp\/v2\/users\/1"}],"replies":[{"embeddable":true,"href":"https:\/\/cafecommessias.com.br\/index.php?rest_route=%2Fwp%2Fv2%2Fcomments&post=8077"}],"version-history":[{"count":1,"href":"https:\/\/cafecommessias.com.br\/index.php?rest_route=\/wp\/v2\/posts\/8077\/revisions"}],"predecessor-version":[{"id":8079,"href":"https:\/\/cafecommessias.com.br\/index.php?rest_route=\/wp\/v2\/posts\/8077\/revisions\/8079"}],"wp:featuredmedia":[{"embeddable":true,"href":"https:\/\/cafecommessias.com.br\/index.php?rest_route=\/wp\/v2\/media\/8078"}],"wp:attachment":[{"href":"https:\/\/cafecommessias.com.br\/index.php?rest_route=%2Fwp%2Fv2%2Fmedia&parent=8077"}],"wp:term":[{"taxonomy":"category","embeddable":true,"href":"https:\/\/cafecommessias.com.br\/index.php?rest_route=%2Fwp%2Fv2%2Fcategories&post=8077"},{"taxonomy":"post_tag","embeddable":true,"href":"https:\/\/cafecommessias.com.br\/index.php?rest_route=%2Fwp%2Fv2%2Ftags&post=8077"}],"curies":[{"name":"wp","href":"https:\/\/api.w.org\/{rel}","templated":true}]}}