{"id":8086,"date":"2026-01-10T21:16:30","date_gmt":"2026-01-11T00:16:30","guid":{"rendered":"https:\/\/cafecommessias.com.br\/?p=8086"},"modified":"2026-01-10T21:16:45","modified_gmt":"2026-01-11T00:16:45","slug":"regime-iraniano-reprime-nova-onda-de-protestos-mais-de-2-300-sao-presos-e-pelo-menos-65-foram-mortos","status":"publish","type":"post","link":"https:\/\/cafecommessias.com.br\/?p=8086","title":{"rendered":"Regime iraniano reprime nova onda de protestos; mais de 2.300 s\u00e3o presos e pelo menos 65 foram mortos"},"content":{"rendered":"\n<p>Pelo menos 65 pessoas morreram e mais de 2.300 foram presas no Ir\u00e3 nos \u00faltimos 13 dias, segundo a Ag\u00eancia de Not\u00edcias de Ativistas de Direitos Humanos (HRANA). Os protestos come\u00e7aram por causa da alta infla\u00e7\u00e3o e se espalharam por todo o pa\u00eds, tornando-se o maior desafio ao regime em anos.<\/p>\n\n\n\n<p>O n\u00famero de mortos pode ser maior. Um apag\u00e3o nacional da internet, que j\u00e1 dura 48 horas, dificulta a confirma\u00e7\u00e3o dos dados, de acordo com o monitor NetBlocks. Moradores relatam que o bloqueio tem incentivado ainda mais pessoas a ir \u00e0s ruas.<\/p>\n\n\n\n<p>Testemunhas afirmam que for\u00e7as de seguran\u00e7a usaram armas militares contra manifestantes. Entre as v\u00edtimas, estaria uma crian\u00e7a de 5 anos. Hospitais registraram cenas de caos, com corpos amontoados, segundo relatos.<\/p>\n\n\n\n<p>O procurador-geral iraniano prometeu puni\u00e7\u00f5es sem clem\u00eancia aos manifestantes envolvidos em danos ao patrim\u00f4nio.<\/p>\n\n\n\n<p>O governo do Ir\u00e3 acusa os Estados Unidos de estimular os protestos. J\u00e1 o presidente Donald Trump amea\u00e7ou reagir caso a repress\u00e3o continue: \u201cSe come\u00e7arem a atirar, n\u00f3s tamb\u00e9m come\u00e7aremos\u201d.<\/p>\n\n\n\n<p>O movimento, iniciado por motivos econ\u00f4micos, agora tem car\u00e1ter pol\u00edtico, com pedidos pelo fim do regime isl\u00e2mico.<\/p>\n","protected":false},"excerpt":{"rendered":"<p>Pelo menos 65 pessoas morreram e mais de 2.300 foram presas no Ir\u00e3 nos \u00faltimos 13 dias, segundo a Ag\u00eancia de Not\u00edcias de Ativistas de Direitos Humanos (HRANA). Os protestos come\u00e7aram por causa da alta infla\u00e7\u00e3o e se espalharam por todo o pa\u00eds, tornando-se o maior desafio ao regime em anos. O n\u00famero de mortos&#8230;<\/p>\n","protected":false},"author":1,"featured_media":8087,"comment_status":"open","ping_status":"closed","sticky":false,"template":"","format":"standard","meta":{"footnotes":""},"categories":[2],"tags":[],"class_list":["post-8086","post","type-post","status-publish","format-standard","has-post-thumbnail","hentry","category-internacional"],"_links":{"self":[{"href":"https:\/\/cafecommessias.com.br\/index.php?rest_route=\/wp\/v2\/posts\/8086","targetHints":{"allow":["GET"]}}],"collection":[{"href":"https:\/\/cafecommessias.com.br\/index.php?rest_route=\/wp\/v2\/posts"}],"about":[{"href":"https:\/\/cafecommessias.com.br\/index.php?rest_route=\/wp\/v2\/types\/post"}],"author":[{"embeddable":true,"href":"https:\/\/cafecommessias.com.br\/index.php?rest_route=\/wp\/v2\/users\/1"}],"replies":[{"embeddable":true,"href":"https:\/\/cafecommessias.com.br\/index.php?rest_route=%2Fwp%2Fv2%2Fcomments&post=8086"}],"version-history":[{"count":1,"href":"https:\/\/cafecommessias.com.br\/index.php?rest_route=\/wp\/v2\/posts\/8086\/revisions"}],"predecessor-version":[{"id":8088,"href":"https:\/\/cafecommessias.com.br\/index.php?rest_route=\/wp\/v2\/posts\/8086\/revisions\/8088"}],"wp:featuredmedia":[{"embeddable":true,"href":"https:\/\/cafecommessias.com.br\/index.php?rest_route=\/wp\/v2\/media\/8087"}],"wp:attachment":[{"href":"https:\/\/cafecommessias.com.br\/index.php?rest_route=%2Fwp%2Fv2%2Fmedia&parent=8086"}],"wp:term":[{"taxonomy":"category","embeddable":true,"href":"https:\/\/cafecommessias.com.br\/index.php?rest_route=%2Fwp%2Fv2%2Fcategories&post=8086"},{"taxonomy":"post_tag","embeddable":true,"href":"https:\/\/cafecommessias.com.br\/index.php?rest_route=%2Fwp%2Fv2%2Ftags&post=8086"}],"curies":[{"name":"wp","href":"https:\/\/api.w.org\/{rel}","templated":true}]}}