{"id":81,"date":"2025-07-10T06:57:09","date_gmt":"2025-07-10T09:57:09","guid":{"rendered":"http:\/\/cafecommessias.com.br\/?p=81"},"modified":"2025-07-10T09:56:28","modified_gmt":"2025-07-10T12:56:28","slug":"prefeito-jaime-calado-apresenta-deficit-herdado-de-r-220-milhoes-faz-balanco-dos-seis-primeiros-meses-de-gestao-e-sanciona-plano-de-recuperacao-fiscal-e-economico","status":"publish","type":"post","link":"https:\/\/cafecommessias.com.br\/?p=81","title":{"rendered":"Prefeito Jaime Calado apresenta d\u00e9ficit herdado de R$ 220 milh\u00f5es, faz balan\u00e7o dos seis primeiros meses de gest\u00e3o e sanciona plano de recupera\u00e7\u00e3o fiscal e econ\u00f4mico"},"content":{"rendered":"\n<p>Em coletiva de imprensa realizada na tarde desta quarta-feira (9), no Gabinete Civil da Prefeitura de S\u00e3o Gon\u00e7alo do Amarante, o prefeito Jaime Calado apresentou um detalhado balan\u00e7o dos seis primeiros meses de gest\u00e3o e sancionou o Plano Municipal de Recupera\u00e7\u00e3o Fiscal e Econ\u00f4mica (PMRFE), um conjunto de medidas emergenciais para reorganizar as finan\u00e7as do munic\u00edpio, hoje marcado por um d\u00e9ficit herdado de R$ 220 milh\u00f5es. O evento contou com a presen\u00e7a de secret\u00e1rios municipais, do presidente da C\u00e2mara, vereador Nonato Queiroz, t\u00e9cnicos da gest\u00e3o e representantes da imprensa estadual e local.<\/p>\n\n\n\n<figure class=\"wp-block-image size-full\"><img loading=\"lazy\" decoding=\"async\" width=\"1024\" height=\"577\" src=\"http:\/\/cafecommessias.com.br\/wp-content\/uploads\/2025\/07\/b365dfc0-4265-4977-8d15-1ed22bc85306-1024x577-1.jpeg\" alt=\"\" class=\"wp-image-82\" srcset=\"https:\/\/cafecommessias.com.br\/wp-content\/uploads\/2025\/07\/b365dfc0-4265-4977-8d15-1ed22bc85306-1024x577-1.jpeg 1024w, https:\/\/cafecommessias.com.br\/wp-content\/uploads\/2025\/07\/b365dfc0-4265-4977-8d15-1ed22bc85306-1024x577-1-300x169.jpeg 300w, https:\/\/cafecommessias.com.br\/wp-content\/uploads\/2025\/07\/b365dfc0-4265-4977-8d15-1ed22bc85306-1024x577-1-768x433.jpeg 768w\" sizes=\"auto, (max-width: 1024px) 100vw, 1024px\" \/><\/figure>\n\n\n\n<p>Jaime iniciou sua fala com uma exposi\u00e7\u00e3o franca do cen\u00e1rio ca\u00f3tico deixado pela administra\u00e7\u00e3o anterior, que inclui d\u00edvidas n\u00e3o pagas, falta de acesso a dados cont\u00e1beis durante a transi\u00e7\u00e3o e a aus\u00eancia de medidas estruturantes para manter os compromissos do munic\u00edpio. \u201cAssumimos com as finan\u00e7as em colapso e contas bloqueadas. Os juros de um empr\u00e9stimo sequer foram pagos, e n\u00e3o houve sequer a transpar\u00eancia necess\u00e1ria para que soub\u00e9ssemos, de imediato, a real situa\u00e7\u00e3o da Prefeitura. O plano que estamos apresentando hoje \u00e9 um choque de gest\u00e3o necess\u00e1rio para reconstruir S\u00e3o Gon\u00e7alo do Amarante\u201d, afirmou Jaime Calado.<\/p>\n\n\n\n<p>O PMRFE, que j\u00e1 entra em vigor com decreto regulamentador, tem validade at\u00e9 31 de dezembro de 2025 e re\u00fane medidas de austeridade aliadas \u00e0 manuten\u00e7\u00e3o de servi\u00e7os essenciais, como sa\u00fade e educa\u00e7\u00e3o. Entre as a\u00e7\u00f5es previstas est\u00e3o:<\/p>\n\n\n\n<p>Redu\u00e7\u00e3o de 25% nos contratos de terceiriza\u00e7\u00e3o;<\/p>\n\n\n\n<p>Corte de 20% na frota de ve\u00edculos locados (com exce\u00e7\u00e3o de ambul\u00e2ncias e maquin\u00e1rio essencial);<\/p>\n\n\n\n<p>Suspens\u00e3o de promo\u00e7\u00f5es, nomea\u00e7\u00f5es e gratifica\u00e7\u00f5es sem justificativa t\u00e9cnica;<\/p>\n\n\n\n<p>Recadastramento de servidores ativos e inativos para combate a irregularidades;<\/p>\n\n\n\n<p>Implanta\u00e7\u00e3o de sistemas de autogera\u00e7\u00e3o de energia el\u00e9trica e aquisi\u00e7\u00e3o de energia no mercado livre;<\/p>\n\n\n\n<p>Cria\u00e7\u00e3o de metas obrigat\u00f3rias por secretaria, com monitoramento t\u00e9cnico semestral coordenado pela Controladoria-Geral.<\/p>\n\n\n\n<p>O plano tamb\u00e9m prev\u00ea a recupera\u00e7\u00e3o de cr\u00e9ditos tribut\u00e1rios e n\u00e3o tribut\u00e1rios e a implementa\u00e7\u00e3o de medidas de efici\u00eancia energ\u00e9tica em pr\u00e9dios p\u00fablicos. Segundo Jaime, \u201cesse conjunto de medidas \u00e9 fundamental para restaurar o equil\u00edbrio fiscal e garantir a presta\u00e7\u00e3o dos servi\u00e7os que nossa popula\u00e7\u00e3o mais precisa. N\u00e3o estamos aqui para administrar crise, mas para super\u00e1-la com responsabilidade.\u201d<\/p>\n\n\n\n<p>Al\u00e9m da apresenta\u00e7\u00e3o do plano, o prefeito fez um balan\u00e7o dos principais avan\u00e7os dos primeiros seis meses de gest\u00e3o. Mesmo diante das dificuldades, setores fundamentais j\u00e1 mostram sinais de retomada:<\/p>\n\n\n\n<p><strong>SA\u00daDE<\/strong><\/p>\n\n\n\n<p>Retomada e avan\u00e7o das obras do novo Hospital Geral.<\/p>\n\n\n\n<p>Abastecimento regular das Unidades B\u00e1sicas de Sa\u00fade com medicamentos:<\/p>\n\n\n\n<p>203 de medicamentos do componente b\u00e1sico<br>24 Hiperdia<br>33 psiccotr\u00f3picos<\/p>\n\n\n\n<p>Amplia\u00e7\u00e3o das consultas e exames especializados.<\/p>\n\n\n\n<p>Retorno do programa de preven\u00e7\u00e3o e tratamento do glaucoma.<\/p>\n\n\n\n<p>Mais de 700 cirurgias de catarata realizadas.<\/p>\n\n\n\n<p>Reabertura do Laborat\u00f3rio de an\u00e1lises cl\u00ednicas;<\/p>\n\n\n\n<p>Mais de 114 mil visitas domiciliares dos agentes de sa\u00fade<\/p>\n\n\n\n<p>Combate \u00e0 dengue com mais de 54 mil im\u00f3veis visitados e borrifa\u00e7\u00e3o em localidades com casos positivos;<\/p>\n\n\n\n<p>Implanta\u00e7\u00e3o do Atendimento de neuropediatria no CER III e Contrata\u00e7\u00e3o de 21 especialistas para atendimento \u00e0 popula\u00e7\u00e3o.<\/p>\n\n\n\n<p>Instala\u00e7\u00e3o do CAPS II em espa\u00e7o pr\u00f3prio, separado do CAPS AD.<\/p>\n\n\n\n<p>Aumento do repasse ao Hospital Belarmina Monte: de R$ 400 mil para R$ 1 milh\u00e3o.<\/p>\n\n\n\n<p>Retomada das obras do novo CEO;<\/p>\n\n\n\n<p>Retomada das obras da UBS de Novo Santo Ant\u00f4nio;<\/p>\n\n\n\n<p>Mais de 244 mil atendimentos ambulatoriais e hospitalares.<\/p>\n\n\n\n<p><strong>EDUCA\u00c7\u00c3O<\/strong><\/p>\n\n\n\n<p>Constru\u00e7\u00e3o da Escola Municipal Maur\u00edcio Fernandes;<\/p>\n\n\n\n<p>For\u00e7a-tarefa para restaurar as escolas municipais. J\u00e1 s\u00e3o 12 unidades restauradas.<\/p>\n\n\n\n<p>Merenda escolar de qualidade garantida.<\/p>\n\n\n\n<p>Pagamento do piso nacional aos professores (nenhum abaixo do piso).<\/p>\n\n\n\n<p>Contrata\u00e7\u00e3o e capacita\u00e7\u00e3o de novos profissionais.<\/p>\n\n\n\n<p>Aquisi\u00e7\u00e3o de carteira escolar para o ensino fundamental e infantil;<\/p>\n\n\n\n<p>Contrata\u00e7\u00e3o de cuidadores, atrav\u00e9s da cooperativa para acompanhamento dos alunos com necessidades especiais em grau elevado;<\/p>\n\n\n\n<p>Aquisi\u00e7\u00e3o de novo \u00f4nibus escolar para melhorar o transporte.<\/p>\n\n\n\n<p>Implanta\u00e7\u00e3o do Sistema Municipal Permanente de Avalia\u00e7\u00e3o da Educa\u00e7\u00e3o com destaque para o Programa S\u00e3o Gon\u00e7alo Aprende Mais para refor\u00e7o escolar dos estudantes.<\/p>\n\n\n\n<p><strong>JUVENTUDE E PREPARA\u00c7\u00c3O EDUCACIONAL<\/strong><\/p>\n\n\n\n<p>Retomada dos aul\u00f5es preparat\u00f3rios gratuitos para o ENEM, com professores renomados.<\/p>\n\n\n\n<p>Retorno dos aul\u00f5es para o IF, incentivando o ingresso no ensino t\u00e9cnico e profissionalizante.<\/p>\n\n\n\n<p>Parcerias para cursos de qualifica\u00e7\u00e3o profissional com o Senac, IF S\u00e3o Gon\u00e7alo e Corpo de Bombeiros<\/p>\n\n\n\n<p><strong>ASSIST\u00caNCIA SOCIAL<\/strong><\/p>\n\n\n\n<p>Entrega de peixe e arroz da Semana Santa para 20 mil fam\u00edlias.<\/p>\n\n\n\n<p>Projeto Prefeitura Itinerante levando cidadania e servi\u00e7os aos bairros.<\/p>\n\n\n\n<p>Programa de Aquisi\u00e7\u00e3o de Alimentos fornecendo alimentos frescos para fam\u00edlias em vulnerabilidade. Quase 2 mil fam\u00edlias atendidas.<\/p>\n\n\n\n<p>Retomada da emiss\u00e3o da Carteira de Identidade em parceria com o ITEP;<\/p>\n\n\n\n<p>Realiza\u00e7\u00e3o da 15\u00aa Confer\u00eancia Municipal da Assist\u00eancia Social;<\/p>\n\n\n\n<p><strong>CULTURA<\/strong><\/p>\n\n\n\n<p>Cria\u00e7\u00e3o da Secretaria Municipal de Cultura.<\/p>\n\n\n\n<p>Realiza\u00e7\u00e3o do Carnaval das Tradi\u00e7\u00f5es com apoio aos blocos e grupos carnavalescos.<\/p>\n\n\n\n<p>Realiza\u00e7\u00e3o do Cinema Itinerante levando a exibi\u00e7\u00e3o filmes para as comunidades;<\/p>\n\n\n\n<p>Apoio financeiro aos grupos teatrais da Paix\u00e3o de Cristo e quadrilhas juninas.<\/p>\n\n\n\n<p>Grande festival cultural em celebra\u00e7\u00e3o ao Centen\u00e1rio de Dona Militana.<\/p>\n\n\n\n<p>In\u00edcio da Reforma do Museu Municipal S\u00e9phora Bezerra;<\/p>\n\n\n\n<p>Apoio financeiro aos grupos juninos de S\u00e3o Gon\u00e7alo do Amarante;<\/p>\n\n\n\n<p>Fomento para interc\u00e2mbio cultural de grupos culturais do munic\u00edpio;<\/p>\n\n\n\n<p>Realiza\u00e7\u00e3o do Festival S\u00e3o Gon\u00e7alo Junino, o maior evento de S\u00e3o Jo\u00e3o da hist\u00f3ria de S\u00e3o Gon\u00e7alo.<\/p>\n\n\n\n<p><strong>ESPORTE E LAZER<\/strong><\/p>\n\n\n\n<p>Realiza\u00e7\u00e3o do evento S\u00e3o Gon\u00e7alo Ver\u00e3o para toda a fam\u00edlia.<\/p>\n\n\n\n<p>Retomada da Copa Dr. Ruy Pereira de Futsal com grandes disputas.<\/p>\n\n\n\n<p>Expans\u00e3o do transporte universit\u00e1rio: mais rotas, mais estudantes atendidos gratuitamente.<\/p>\n\n\n\n<p>Projeto Juventude Folia nas Escolas de Ensino m\u00e9dio com palestras de preven\u00e7\u00e3o a doen\u00e7as, a promo\u00e7\u00e3o de h\u00e1bitos saud\u00e1veis e combate a preconceitos;<\/p>\n\n\n\n<p>Realiza\u00e7\u00e3o do Torneio de Futebol Alusivo ao Dia do Trabalhador.<\/p>\n\n\n\n<p>In\u00edcio do Campeonato Municipal de Futebol de Campo (s\u00e9ries A e B);<\/p>\n\n\n\n<p>In\u00edcio da 2\u00aa Etapa do Projeto Areninhas Potiguares em parceria com a FUNCERN E IFRN.<\/p>\n\n\n\n<p>Manuten\u00e7\u00e3o e Reparos de infraestrutura, el\u00e9trica e hidr\u00e1ulico de equipamentos esportivos;<\/p>\n\n\n\n<p>Parcerias com as Institui\u00e7\u00f5es nos eventos do Calend\u00e1rio Esportivo;<\/p>\n\n\n\n<p>Apoio a atletas de Rendimento representantes do Munic\u00edpio;<\/p>\n\n\n\n<p>Apoio em a\u00e7\u00f5es esportivas e de lazer das comunidades.<\/p>\n\n\n\n<p><strong>INCLUS\u00c3O E DIREITOS SOCIAIS<\/strong><\/p>\n\n\n\n<p>Cria\u00e7\u00e3o do Fundo Municipal da Pessoa com Defici\u00eancia.<\/p>\n\n\n\n<p>Reformula\u00e7\u00e3o do Programa Viver Melhor, com mais atividades de sa\u00fade e qualidade de vida, atendendo mais comunidades;<\/p>\n\n\n\n<p>Emiss\u00e3o das carteirinhas do idoso e do autista.<\/p>\n\n\n\n<p>Realiza\u00e7\u00e3o da 1\u00aa Confer\u00eancia Municipal dos Direitos da Pessoa Idosa de S\u00e3o Gon\u00e7alo do Amarante;<\/p>\n\n\n\n<p>*INFRAESTRUTURA E SERVI\u00c7OS URBANOS*<\/p>\n\n\n\n<p>Solu\u00e7\u00e3o para a falta de \u00e1gua na zona rural com a\u00e7\u00f5es do SAAE.<\/p>\n\n\n\n<p>Mutir\u00e3o de limpeza urbana nas comunidades.<\/p>\n\n\n\n<p>Mutir\u00e3o de limpeza das lagoas de capta\u00e7\u00e3o do munic\u00edpio;<\/p>\n\n\n\n<p>Limpeza e conserva\u00e7\u00e3o de pra\u00e7as p\u00fablicas.<\/p>\n\n\n\n<p>Recupera\u00e7\u00e3o de vias com m\u00e1quinas nas zonas urbana e rural;<\/p>\n\n\n\n<p>Opera\u00e7\u00e3o tapa-buracos para recupera\u00e7\u00e3o vi\u00e1ria.<\/p>\n\n\n\n<p>*DESENVOLVIMENTO E SEGURAN\u00c7A*<\/p>\n\n\n\n<p>Apoio ao microempreendedor local;<\/p>\n\n\n\n<p>Coopera\u00e7\u00e3o com a Defesa Civil Estadual para ampliar as a\u00e7\u00f5es de atendimento em casos de urg\u00eancia.<\/p>\n\n\n\n<p>Parcerias com as for\u00e7as de seguran\u00e7a do estado para proteger a popula\u00e7\u00e3o.<\/p>\n\n\n\n<p>Planejamento de solu\u00e7\u00f5es criativas para construir a S\u00e3o Gon\u00e7alo do futuro.<\/p>\n\n\n\n<p>Apoio ao homem do campo e \u00e0 agricultura familiar com horas de trator para o corte de terra e entrega de sementes.<\/p>\n\n\n\n<p><a href=\"https:\/\/www.blogdobg.com.br\/prefeito-jaime-calado-apresenta-deficit-herdado-de-r-220-milhoes-faz-balanco-dos-seis-primeiros-meses-de-gestao-e-sanciona-plano-de-recuperacao-fiscal-e-economico\/#comentarios\"><\/a><\/p>\n\n\n\n<p><sub>Por BG<\/sub><\/p>\n","protected":false},"excerpt":{"rendered":"<p>Em coletiva de imprensa realizada na tarde desta quarta-feira (9), no Gabinete Civil da Prefeitura de S\u00e3o Gon\u00e7alo do Amarante, o prefeito Jaime Calado apresentou um detalhado balan\u00e7o dos seis primeiros meses de gest\u00e3o e sancionou o Plano Municipal de Recupera\u00e7\u00e3o Fiscal e Econ\u00f4mica (PMRFE), um conjunto de medidas emergenciais para reorganizar as finan\u00e7as do&#8230;<\/p>\n","protected":false},"author":1,"featured_media":83,"comment_status":"closed","ping_status":"closed","sticky":false,"template":"","format":"standard","meta":{"footnotes":""},"categories":[6],"tags":[],"class_list":["post-81","post","type-post","status-publish","format-standard","has-post-thumbnail","hentry","category-politica"],"_links":{"self":[{"href":"https:\/\/cafecommessias.com.br\/index.php?rest_route=\/wp\/v2\/posts\/81","targetHints":{"allow":["GET"]}}],"collection":[{"href":"https:\/\/cafecommessias.com.br\/index.php?rest_route=\/wp\/v2\/posts"}],"about":[{"href":"https:\/\/cafecommessias.com.br\/index.php?rest_route=\/wp\/v2\/types\/post"}],"author":[{"embeddable":true,"href":"https:\/\/cafecommessias.com.br\/index.php?rest_route=\/wp\/v2\/users\/1"}],"replies":[{"embeddable":true,"href":"https:\/\/cafecommessias.com.br\/index.php?rest_route=%2Fwp%2Fv2%2Fcomments&post=81"}],"version-history":[{"count":1,"href":"https:\/\/cafecommessias.com.br\/index.php?rest_route=\/wp\/v2\/posts\/81\/revisions"}],"predecessor-version":[{"id":84,"href":"https:\/\/cafecommessias.com.br\/index.php?rest_route=\/wp\/v2\/posts\/81\/revisions\/84"}],"wp:featuredmedia":[{"embeddable":true,"href":"https:\/\/cafecommessias.com.br\/index.php?rest_route=\/wp\/v2\/media\/83"}],"wp:attachment":[{"href":"https:\/\/cafecommessias.com.br\/index.php?rest_route=%2Fwp%2Fv2%2Fmedia&parent=81"}],"wp:term":[{"taxonomy":"category","embeddable":true,"href":"https:\/\/cafecommessias.com.br\/index.php?rest_route=%2Fwp%2Fv2%2Fcategories&post=81"},{"taxonomy":"post_tag","embeddable":true,"href":"https:\/\/cafecommessias.com.br\/index.php?rest_route=%2Fwp%2Fv2%2Ftags&post=81"}],"curies":[{"name":"wp","href":"https:\/\/api.w.org\/{rel}","templated":true}]}}