{"id":811,"date":"2025-07-17T23:47:44","date_gmt":"2025-07-18T02:47:44","guid":{"rendered":"https:\/\/cafecommessias.com.br\/?p=811"},"modified":"2025-07-17T23:54:48","modified_gmt":"2025-07-18T02:54:48","slug":"trump-e-diagnosticado-com-doenca-venosa-cronica-apos-exame-medico","status":"publish","type":"post","link":"https:\/\/cafecommessias.com.br\/?p=811","title":{"rendered":"Trump \u00e9 diagnosticado com doen\u00e7a venosa cr\u00f4nica ap\u00f3s exame m\u00e9dico"},"content":{"rendered":"\n<p>Casa Branca informou que n\u00e3o h\u00e1 trombose venosa profunda nem doen\u00e7a arterial; hematomas nas m\u00e3os foram atribu\u00eddos a apertos de m\u00e3o e uso de aspirina.<\/p>\n\n\n\n<p>O presidente dos Estados Unidos, Donald Trump, foi diagnosticado com insufici\u00eancia venosa cr\u00f4nica ap\u00f3s realizar um exame m\u00e9dico por causa de incha\u00e7o nas pernas. A informa\u00e7\u00e3o foi divulgada nesta quinta-feira 17 pela Casa Branca.<\/p>\n\n\n\n<p>De acordo com a porta-voz Karoline Leavitt, citando o m\u00e9dico presidencial, Trump, de 79 anos, apresenta uma condi\u00e7\u00e3o benigna e comum, caracterizada por veias danificadas que n\u00e3o mant\u00eam o fluxo sangu\u00edneo adequado nas pernas. Ela afirmou que n\u00e3o foi detectada trombose venosa profunda nem doen\u00e7a arterial.<\/p>\n\n\n\n<p>Sobre as imagens recentes que mostram hematomas nas m\u00e3os do presidente, Leavitt explicou que eles s\u00e3o consequ\u00eancia de \u201cuma leve irrita\u00e7\u00e3o dos tecidos moles causada pelos frequentes apertos de m\u00e3o e pelo uso de aspirina\u201d, medica\u00e7\u00e3o que Trump utiliza como \u201cpreven\u00e7\u00e3o cardiovascular\u201d.<\/p>\n\n\n\n<figure class=\"wp-block-gallery has-nested-images columns-default is-cropped wp-block-gallery-1 is-layout-flex wp-block-gallery-is-layout-flex\">\n<figure class=\"wp-block-image size-full\"><img loading=\"lazy\" decoding=\"async\" width=\"300\" height=\"168\" data-id=\"815\" src=\"https:\/\/cafecommessias.com.br\/wp-content\/uploads\/2025\/07\/download-12.jpg\" alt=\"\" class=\"wp-image-815\"\/><\/figure>\n<\/figure>\n\n\n\n<p><sub>por Agora RN<\/sub><\/p>\n\n\n\n<h2 class=\"wp-block-heading\"><strong><em><kbd>PUBLICIDADE<\/kbd><\/em><\/strong><\/h2>\n\n\n\n<figure class=\"wp-block-image size-large\"><img loading=\"lazy\" decoding=\"async\" width=\"1024\" height=\"158\" src=\"https:\/\/cafecommessias.com.br\/wp-content\/uploads\/2025\/07\/Banner-REFIS-1300x200px-PRORROGADO-9-1024x158.gif\" alt=\"\" class=\"wp-image-559\" srcset=\"https:\/\/cafecommessias.com.br\/wp-content\/uploads\/2025\/07\/Banner-REFIS-1300x200px-PRORROGADO-9-1024x158.gif 1024w, https:\/\/cafecommessias.com.br\/wp-content\/uploads\/2025\/07\/Banner-REFIS-1300x200px-PRORROGADO-9-300x46.gif 300w, https:\/\/cafecommessias.com.br\/wp-content\/uploads\/2025\/07\/Banner-REFIS-1300x200px-PRORROGADO-9-768x118.gif 768w\" sizes=\"auto, (max-width: 1024px) 100vw, 1024px\" \/><\/figure>\n","protected":false},"excerpt":{"rendered":"<p>Casa Branca informou que n\u00e3o h\u00e1 trombose venosa profunda nem doen\u00e7a arterial; hematomas nas m\u00e3os foram atribu\u00eddos a apertos de m\u00e3o e uso de aspirina. O presidente dos Estados Unidos, Donald Trump, foi diagnosticado com insufici\u00eancia venosa cr\u00f4nica ap\u00f3s realizar um exame m\u00e9dico por causa de incha\u00e7o nas pernas. A informa\u00e7\u00e3o foi divulgada nesta quinta-feira&#8230;<\/p>\n","protected":false},"author":1,"featured_media":812,"comment_status":"open","ping_status":"open","sticky":false,"template":"","format":"standard","meta":{"footnotes":""},"categories":[3],"tags":[],"class_list":["post-811","post","type-post","status-publish","format-standard","has-post-thumbnail","hentry","category-geral"],"_links":{"self":[{"href":"https:\/\/cafecommessias.com.br\/index.php?rest_route=\/wp\/v2\/posts\/811","targetHints":{"allow":["GET"]}}],"collection":[{"href":"https:\/\/cafecommessias.com.br\/index.php?rest_route=\/wp\/v2\/posts"}],"about":[{"href":"https:\/\/cafecommessias.com.br\/index.php?rest_route=\/wp\/v2\/types\/post"}],"author":[{"embeddable":true,"href":"https:\/\/cafecommessias.com.br\/index.php?rest_route=\/wp\/v2\/users\/1"}],"replies":[{"embeddable":true,"href":"https:\/\/cafecommessias.com.br\/index.php?rest_route=%2Fwp%2Fv2%2Fcomments&post=811"}],"version-history":[{"count":6,"href":"https:\/\/cafecommessias.com.br\/index.php?rest_route=\/wp\/v2\/posts\/811\/revisions"}],"predecessor-version":[{"id":819,"href":"https:\/\/cafecommessias.com.br\/index.php?rest_route=\/wp\/v2\/posts\/811\/revisions\/819"}],"wp:featuredmedia":[{"embeddable":true,"href":"https:\/\/cafecommessias.com.br\/index.php?rest_route=\/wp\/v2\/media\/812"}],"wp:attachment":[{"href":"https:\/\/cafecommessias.com.br\/index.php?rest_route=%2Fwp%2Fv2%2Fmedia&parent=811"}],"wp:term":[{"taxonomy":"category","embeddable":true,"href":"https:\/\/cafecommessias.com.br\/index.php?rest_route=%2Fwp%2Fv2%2Fcategories&post=811"},{"taxonomy":"post_tag","embeddable":true,"href":"https:\/\/cafecommessias.com.br\/index.php?rest_route=%2Fwp%2Fv2%2Ftags&post=811"}],"curies":[{"name":"wp","href":"https:\/\/api.w.org\/{rel}","templated":true}]}}