{"id":8123,"date":"2026-01-11T10:05:02","date_gmt":"2026-01-11T13:05:02","guid":{"rendered":"https:\/\/cafecommessias.com.br\/?p=8123"},"modified":"2026-01-11T10:05:16","modified_gmt":"2026-01-11T13:05:16","slug":"lula-acumula-15-trocas-ministeriais-no-terceiro-mandato-mais-saidas-sao-esperadas-no-primeiro-semestre-de-2026","status":"publish","type":"post","link":"https:\/\/cafecommessias.com.br\/?p=8123","title":{"rendered":"Lula acumula 15 trocas ministeriais no terceiro mandato; mais sa\u00eddas s\u00e3o esperadas no primeiro semestre de 2026"},"content":{"rendered":"\n<p>O governo do presidente Luiz In\u00e1cio Lula da Silva (PT) iniciou 2026 com a 15\u00aa troca ministerial do terceiro mandato, ap\u00f3s a sa\u00edda de Ricardo Lewandowski do Minist\u00e9rio da Justi\u00e7a e Seguran\u00e7a P\u00fablica.<\/p>\n\n\n\n<p>Enquanto Lula n\u00e3o anuncia o novo titular da pasta, o secret\u00e1rio-executivo Manoel Carlos de Almeida Neto assume interinamente o comando do minist\u00e9rio.<\/p>\n\n\n\n<p>A pr\u00f3xima mudan\u00e7a deve ocorrer no Minist\u00e9rio da Igualdade Racial. A ministra Anielle Franco confirmou \u00e0 CNN que pretende deixar o cargo para disputar uma vaga na C\u00e2mara dos Deputados pelo PT do Rio de Janeiro em 2026, com apoio de Lula. A data da transi\u00e7\u00e3o ainda n\u00e3o foi definida.<\/p>\n\n\n\n<p>Outra sa\u00edda prevista \u00e9 a do ministro da Fazenda, Fernando Haddad, que pretende deixar o cargo at\u00e9 fevereiro para atuar na campanha de Lula \u00e0 reelei\u00e7\u00e3o. Ele j\u00e1 comunicou a inten\u00e7\u00e3o ao presidente.<\/p>\n\n\n\n<p>Lula tamb\u00e9m avalia remanejar ministros que n\u00e3o disputar\u00e3o as elei\u00e7\u00f5es por estarem em meio de mandato no Senado. Entre os cotados est\u00e3o: Wellington Dias (Desenvolvimento Social), que pode ir para a Secretaria de Rela\u00e7\u00f5es Institucionais no lugar de Gleisi Hoffmann. Camilo Santana (Educa\u00e7\u00e3o), que pode assumir a Casa Civil, hoje ocupada por Rui Costa.<\/p>\n\n\n\n<p>Gleisi e Rui Costa devem deixar os cargos para disputar vagas no Legislativo em 2026.<\/p>\n\n\n\n<p><strong>Veja as sa\u00eddas de ministros no terceiro mandato de Lula:<\/strong><\/p>\n\n\n\n<ul class=\"wp-block-list\">\n<li>Gon\u00e7alves Dias \u2014 demitido do Gabinete de Seguran\u00e7a Institucional (2023)<\/li>\n\n\n\n<li>Daniela Carneiro \u2014 demitida do Minist\u00e9rio do Turismo (2023)<\/li>\n\n\n\n<li>Ana Moser \u2014 demitida do Minist\u00e9rio do Esporte (2023)<\/li>\n\n\n\n<li>M\u00e1rcio Fran\u00e7a \u2014 realocado do Minist\u00e9rio de Portos e Aeroportos para o Empreendedorismo (2023)<\/li>\n\n\n\n<li>Fl\u00e1vio Dino \u2014 deixou o Minist\u00e9rio da Justi\u00e7a para assumir uma vaga no Supremo Tribunal Federal (2024)<\/li>\n\n\n\n<li>Silvio Almeida \u2014 demitido do Minist\u00e9rio dos Direitos Humanos (2024)<\/li>\n\n\n\n<li>Paulo Pimenta \u2014 demitido da Secretaria de Comunica\u00e7\u00e3o Social (2025)<\/li>\n\n\n\n<li>N\u00edsia Trindade \u2014 demitida do Minist\u00e9rio da Sa\u00fade (2025)<\/li>\n\n\n\n<li>Alexandre Padilha \u2014 realocado da Secretaria de Rela\u00e7\u00f5es Institucionais para o Minist\u00e9rio da Sa\u00fade (2025)<\/li>\n\n\n\n<li>Juscelino Filho \u2014 demitido do Minist\u00e9rio das Comunica\u00e7\u00f5es (2025)<\/li>\n\n\n\n<li>Cida Gon\u00e7alves \u2014 demitida do Minist\u00e9rio das Mulheres (2025)<\/li>\n\n\n\n<li>Carlos Lupi \u2014 pediu demiss\u00e3o do Minist\u00e9rio do Trabalho (2025)<\/li>\n\n\n\n<li>M\u00e1rcio Mac\u00eado \u2014 demitido da Secretaria-Geral da Presid\u00eancia (2025)<\/li>\n\n\n\n<li>Celso Sabino \u2014 demitido do Minist\u00e9rio do Turismo (2025)<\/li>\n\n\n\n<li>Ricardo Lewandowski \u2014 pediu demiss\u00e3o do Minist\u00e9rio da Justi\u00e7a (2026)<\/li>\n<\/ul>\n","protected":false},"excerpt":{"rendered":"<p>O governo do presidente Luiz In\u00e1cio Lula da Silva (PT) iniciou 2026 com a 15\u00aa troca ministerial do terceiro mandato, ap\u00f3s a sa\u00edda de Ricardo Lewandowski do Minist\u00e9rio da Justi\u00e7a e Seguran\u00e7a P\u00fablica. Enquanto Lula n\u00e3o anuncia o novo titular da pasta, o secret\u00e1rio-executivo Manoel Carlos de Almeida Neto assume interinamente o comando do minist\u00e9rio&#8230;.<\/p>\n","protected":false},"author":1,"featured_media":8124,"comment_status":"open","ping_status":"closed","sticky":false,"template":"","format":"standard","meta":{"footnotes":""},"categories":[6],"tags":[],"class_list":["post-8123","post","type-post","status-publish","format-standard","has-post-thumbnail","hentry","category-politica"],"_links":{"self":[{"href":"https:\/\/cafecommessias.com.br\/index.php?rest_route=\/wp\/v2\/posts\/8123","targetHints":{"allow":["GET"]}}],"collection":[{"href":"https:\/\/cafecommessias.com.br\/index.php?rest_route=\/wp\/v2\/posts"}],"about":[{"href":"https:\/\/cafecommessias.com.br\/index.php?rest_route=\/wp\/v2\/types\/post"}],"author":[{"embeddable":true,"href":"https:\/\/cafecommessias.com.br\/index.php?rest_route=\/wp\/v2\/users\/1"}],"replies":[{"embeddable":true,"href":"https:\/\/cafecommessias.com.br\/index.php?rest_route=%2Fwp%2Fv2%2Fcomments&post=8123"}],"version-history":[{"count":1,"href":"https:\/\/cafecommessias.com.br\/index.php?rest_route=\/wp\/v2\/posts\/8123\/revisions"}],"predecessor-version":[{"id":8125,"href":"https:\/\/cafecommessias.com.br\/index.php?rest_route=\/wp\/v2\/posts\/8123\/revisions\/8125"}],"wp:featuredmedia":[{"embeddable":true,"href":"https:\/\/cafecommessias.com.br\/index.php?rest_route=\/wp\/v2\/media\/8124"}],"wp:attachment":[{"href":"https:\/\/cafecommessias.com.br\/index.php?rest_route=%2Fwp%2Fv2%2Fmedia&parent=8123"}],"wp:term":[{"taxonomy":"category","embeddable":true,"href":"https:\/\/cafecommessias.com.br\/index.php?rest_route=%2Fwp%2Fv2%2Fcategories&post=8123"},{"taxonomy":"post_tag","embeddable":true,"href":"https:\/\/cafecommessias.com.br\/index.php?rest_route=%2Fwp%2Fv2%2Ftags&post=8123"}],"curies":[{"name":"wp","href":"https:\/\/api.w.org\/{rel}","templated":true}]}}