{"id":8175,"date":"2026-01-12T14:07:59","date_gmt":"2026-01-12T17:07:59","guid":{"rendered":"https:\/\/cafecommessias.com.br\/?p=8175"},"modified":"2026-01-12T14:09:13","modified_gmt":"2026-01-12T17:09:13","slug":"lider-do-pt-na-camara-lindbergh-farias-posta-foto-de-lula-musculoso-editada-com-ia","status":"publish","type":"post","link":"https:\/\/cafecommessias.com.br\/?p=8175","title":{"rendered":"L\u00edder do PT na C\u00e2mara, Lindbergh Farias, posta foto de Lula \u2018musculoso\u2019 editada com IA"},"content":{"rendered":"\n<p>O l\u00edder do PT na C\u00e2mara, Lindbergh Farias (PT), publicou uma foto do presidente Luiz In\u00e1cio Lula da Silva (PT) e um detalhe chamou aten\u00e7\u00e3o dos internautas: Lula aparece \u201cmusculoso\u201d e com o dedo mindinho na m\u00e3o esquerda.<\/p>\n\n\n\n<p>Na publica\u00e7\u00e3o, o l\u00edder petista compartilhou a imagem com a legenda, \u201co homem est\u00e1 forte e o projeto \u00e9 longo. Vem tetra\u201d.<\/p>\n\n\n\n<p>Os internautas notaram as modifica\u00e7\u00f5es na imagem e reagiram: \u201cAcharam o dedo do homem\u201d, brincou um usu\u00e1rio.<\/p>\n\n\n\n<p>A foto foi um recorte de um v\u00eddeo publicado no Instagram da primeira-dama Janja, onde relembra f\u00e9rias na Restinga da Marambaia, ilha localizada no Rio de Janeiro.<\/p>\n\n\n\n<p>Com a repercuss\u00e3o, usu\u00e1rios do X adicionaram uma nota informando que a imagem foi modificada com Intelig\u00eancia Artificial.<\/p>\n\n\n\n<figure class=\"wp-block-image size-full\"><img loading=\"lazy\" decoding=\"async\" width=\"355\" height=\"569\" src=\"https:\/\/cafecommessias.com.br\/wp-content\/uploads\/2026\/01\/lind.webp\" alt=\"\" class=\"wp-image-8178\" srcset=\"https:\/\/cafecommessias.com.br\/wp-content\/uploads\/2026\/01\/lind.webp 355w, https:\/\/cafecommessias.com.br\/wp-content\/uploads\/2026\/01\/lind-187x300.webp 187w\" sizes=\"auto, (max-width: 355px) 100vw, 355px\" \/><\/figure>\n","protected":false},"excerpt":{"rendered":"<p>O l\u00edder do PT na C\u00e2mara, Lindbergh Farias (PT), publicou uma foto do presidente Luiz In\u00e1cio Lula da Silva (PT) e um detalhe chamou aten\u00e7\u00e3o dos internautas: Lula aparece \u201cmusculoso\u201d e com o dedo mindinho na m\u00e3o esquerda. Na publica\u00e7\u00e3o, o l\u00edder petista compartilhou a imagem com a legenda, \u201co homem est\u00e1 forte e o&#8230;<\/p>\n","protected":false},"author":1,"featured_media":8176,"comment_status":"open","ping_status":"closed","sticky":false,"template":"","format":"standard","meta":{"footnotes":""},"categories":[3],"tags":[],"class_list":["post-8175","post","type-post","status-publish","format-standard","has-post-thumbnail","hentry","category-geral"],"_links":{"self":[{"href":"https:\/\/cafecommessias.com.br\/index.php?rest_route=\/wp\/v2\/posts\/8175","targetHints":{"allow":["GET"]}}],"collection":[{"href":"https:\/\/cafecommessias.com.br\/index.php?rest_route=\/wp\/v2\/posts"}],"about":[{"href":"https:\/\/cafecommessias.com.br\/index.php?rest_route=\/wp\/v2\/types\/post"}],"author":[{"embeddable":true,"href":"https:\/\/cafecommessias.com.br\/index.php?rest_route=\/wp\/v2\/users\/1"}],"replies":[{"embeddable":true,"href":"https:\/\/cafecommessias.com.br\/index.php?rest_route=%2Fwp%2Fv2%2Fcomments&post=8175"}],"version-history":[{"count":2,"href":"https:\/\/cafecommessias.com.br\/index.php?rest_route=\/wp\/v2\/posts\/8175\/revisions"}],"predecessor-version":[{"id":8179,"href":"https:\/\/cafecommessias.com.br\/index.php?rest_route=\/wp\/v2\/posts\/8175\/revisions\/8179"}],"wp:featuredmedia":[{"embeddable":true,"href":"https:\/\/cafecommessias.com.br\/index.php?rest_route=\/wp\/v2\/media\/8176"}],"wp:attachment":[{"href":"https:\/\/cafecommessias.com.br\/index.php?rest_route=%2Fwp%2Fv2%2Fmedia&parent=8175"}],"wp:term":[{"taxonomy":"category","embeddable":true,"href":"https:\/\/cafecommessias.com.br\/index.php?rest_route=%2Fwp%2Fv2%2Fcategories&post=8175"},{"taxonomy":"post_tag","embeddable":true,"href":"https:\/\/cafecommessias.com.br\/index.php?rest_route=%2Fwp%2Fv2%2Ftags&post=8175"}],"curies":[{"name":"wp","href":"https:\/\/api.w.org\/{rel}","templated":true}]}}