{"id":8184,"date":"2026-01-12T14:14:43","date_gmt":"2026-01-12T17:14:43","guid":{"rendered":"https:\/\/cafecommessias.com.br\/?p=8184"},"modified":"2026-01-12T14:15:44","modified_gmt":"2026-01-12T17:15:44","slug":"mensagens-do-careca-do-inss-indicam-entrega-de-dinheiro-a-ex-assessor-de-senador-pegou-encomenda","status":"publish","type":"post","link":"https:\/\/cafecommessias.com.br\/?p=8184","title":{"rendered":"Mensagens do Careca do INSS indicam entrega de dinheiro a ex-assessor de senador: \u2018Pegou encomenda\u2019"},"content":{"rendered":"\n<p>A Pol\u00edcia Federal afirma que identificou di\u00e1logos sobre a entrega de dinheiro vivo a um ex-assessor do senador Weverton Rocha (PDT-MA) no telefone celular do empres\u00e1rio Ant\u00f4nio Camilo Antunes, o Careca do INSS. Antunes \u00e9 suspeito de liderar um esquema de desvios de recursos em aposentadorias.<\/p>\n\n\n\n<p>A defesa de Ant\u00f4nio Camilo afirmou que n\u00e3o ia se manifestar sobre os trechos porque n\u00e3o teve acesso \u00e0 \u00edntegra da extra\u00e7\u00e3o do telefone celular dele at\u00e9 o momento nem teve resposta do STF a pedidos feitos sobre averba\u00e7\u00e3o de bens e libera\u00e7\u00e3o de valores para pagamentos de d\u00edvidas trabalhistas.<\/p>\n\n\n\n<p>Essas conversas foram enviadas ao ministro do Supremo Tribunal Federal (STF) Andr\u00e9 Mendon\u00e7a, que decretou a pris\u00e3o preventiva do ex-assessor Gustavo Gaspar, cumprida em dezembro na \u00faltima fase da Opera\u00e7\u00e3o Sem Desconto. Gaspar foi nomeado por Weverton como assistente parlamentar s\u00eanior na lideran\u00e7a do PDT no Senado, quando o senador era o l\u00edder da bancada. Exerceu o cargo entre 2019 e 2023, quando foi exonerado.<\/p>\n\n\n\n<p>Procurado, o senador negou as acusa\u00e7\u00f5es e classificou de \u201cdescabidas\u201d as acusa\u00e7\u00f5es da PF. Weverton citou o parecer da Procuradoria-Geral da Rep\u00fablica (PGR) apresentado sobre a representa\u00e7\u00e3o da PF, que apontou que o panorama em rela\u00e7\u00e3o a ele \u201c\u00e9 assentado em infer\u00eancias ainda n\u00e3o consolidadas\u201d e o fato de assessores terem recebido dinheiro n\u00e3o responsabiliza diretamente o senador.<\/p>\n\n\n\n<p>A defesa de Gustavo Gaspar \u201cnega de forma veemente todas as fantasiosas acusa\u00e7\u00f5es e apresentar\u00e1 as devidas explica\u00e7\u00f5es no momento apropriado, quando for intimado pela PF para prestar esclarecimentos, o que at\u00e9 hoje n\u00e3o aconteceu\u201d.<\/p>\n\n\n\n<p>Na mesma representa\u00e7\u00e3o enviada ao STF, como revelou o Estad\u00e3o, a PF afirma que encontrou men\u00e7\u00f5es a um dos filhos do presidente da Rep\u00fablica, Luiz In\u00e1cio Lula da Silva, em tr\u00eas diferentes conjuntos de informa\u00e7\u00f5es colhidas ao longo da investiga\u00e7\u00e3o e que vai investigar se F\u00e1bio Lu\u00eds Lula da Silva, o Lulinha, atuava como \u201cs\u00f3cio oculto\u201d do Careca do INSS em neg\u00f3cios do governo.<\/p>\n\n\n\n<p>Senador como \u2018sustent\u00e1culo\u2019 do esquema<br>A PF afirmou que Weverton Rocha atuava como o \u201csustent\u00e1culo\u201d pol\u00edtico do Careca do INSS no esquema de desvios e, por isso, seus assessores recebiam pagamentos de propina. Outros di\u00e1logos mostram funcion\u00e1rios do empres\u00e1rio chamando o senador de \u201cparceiro\u201d. Seus assessores, por exemplo, tinham direito a ingressos para um camarote do Careca do INSS no est\u00e1dio Man\u00e9 Garrincha, em Bras\u00edlia.<\/p>\n\n\n\n<p>De acordo com a investiga\u00e7\u00e3o, Gustavo Gaspar pediu \u00e0 equipe do Careca do INSS para realizar a abertura e a gest\u00e3o de uma empresa em seu nome, que seria usada no esquema criminoso.<\/p>\n\n\n\n<p>Nas conversas, o pr\u00f3prio Careca do INSS avisa diversas vezes a seu funcion\u00e1rio Rubens Costa para receber Gaspar para a entrega de uma \u201cencomenda\u201d ou de \u201cimpress\u00f5es\u201d. Os termos, segundo a PF, significavam dinheiro vivo.<\/p>\n\n\n\n<p>Em 1\u00ba de junho de 2023, Rubens Costa lhe avisa: \u201cBoa noite chefe. O Gustavo pegou a encomenda\u201d. Em 4 de setembro de 2023, o Careca do INSS orienta Rubens sobre outra entrega. \u201cAs impress\u00f5es ser\u00e3o para o Gusta. 30. Per\u00edodo da tarde, pois o cart\u00f3rio demora um pouco pra reconhecer\u201d, escreveu. Seu funcion\u00e1rio confirma que iria retirar as \u201cimpress\u00f5es\u201d. \u201cIrei no cart\u00f3rio \u00e0s 11 horas, portanto \u00e0s 14h30 j\u00e1 estarei com as impress\u00f5es em m\u00e3os\u201d.<\/p>\n\n\n\n<p>No dia seguinte, a PF identificou que Rubens Costa sacou R$ 40 mil em dinheiro vivo da conta banc\u00e1ria de uma das empresas do Careca, indicando que o di\u00e1logo de fato tratava sobre pagamento em dinheiro. Em seguida, ele enviou mensagem a Gustavo Gaspar combinando o hor\u00e1rio para entrega da \u201cencomenda\u201d.<\/p>\n\n\n\n<p>O di\u00e1logo foi analisado pela PF, que apontou: \u201cANTONIO esclareceu que o procedimento ocorreria no per\u00edodo da tarde (a prov\u00e1vel entrega do valor), justificando a demora pelo reconhecimento em cart\u00f3rio, express\u00e3o que, ao que tudo indica, faz refer\u00eancia \u00e0 libera\u00e7\u00e3o de valores pelo banco. Em resposta, RUBENS confirmou e comunicou que compareceria ao cart\u00f3rio \u00e0s 11:00 hs (provavelmente ao banco), prevendo estar com as \u2018impress\u00f5es\u2019 em m\u00e3os por volta das 14:30hs, indicando, de forma dissimulada, a disponibilidade do montante em esp\u00e9cie. A sequ\u00eancia das tratativas, marcada por linguagem cifrada e informalidade, refor\u00e7a ind\u00edcios de movimenta\u00e7\u00e3o financeira paralela e poss\u00edvel oculta\u00e7\u00e3o da origem dos recursos, com ind\u00edcios de destina\u00e7\u00e3o para pagamento de vantagem indevida\u201d.<\/p>\n\n\n\n<p><em><sub>Por Estad\u00e3o<\/sub><\/em><\/p>\n\n\n\n<p><\/p>\n","protected":false},"excerpt":{"rendered":"<p>A Pol\u00edcia Federal afirma que identificou di\u00e1logos sobre a entrega de dinheiro vivo a um ex-assessor do senador Weverton Rocha (PDT-MA) no telefone celular do empres\u00e1rio Ant\u00f4nio Camilo Antunes, o Careca do INSS. Antunes \u00e9 suspeito de liderar um esquema de desvios de recursos em aposentadorias. A defesa de Ant\u00f4nio Camilo afirmou que n\u00e3o ia&#8230;<\/p>\n","protected":false},"author":1,"featured_media":8185,"comment_status":"open","ping_status":"closed","sticky":false,"template":"","format":"standard","meta":{"footnotes":""},"categories":[3],"tags":[],"class_list":["post-8184","post","type-post","status-publish","format-standard","has-post-thumbnail","hentry","category-geral"],"_links":{"self":[{"href":"https:\/\/cafecommessias.com.br\/index.php?rest_route=\/wp\/v2\/posts\/8184","targetHints":{"allow":["GET"]}}],"collection":[{"href":"https:\/\/cafecommessias.com.br\/index.php?rest_route=\/wp\/v2\/posts"}],"about":[{"href":"https:\/\/cafecommessias.com.br\/index.php?rest_route=\/wp\/v2\/types\/post"}],"author":[{"embeddable":true,"href":"https:\/\/cafecommessias.com.br\/index.php?rest_route=\/wp\/v2\/users\/1"}],"replies":[{"embeddable":true,"href":"https:\/\/cafecommessias.com.br\/index.php?rest_route=%2Fwp%2Fv2%2Fcomments&post=8184"}],"version-history":[{"count":1,"href":"https:\/\/cafecommessias.com.br\/index.php?rest_route=\/wp\/v2\/posts\/8184\/revisions"}],"predecessor-version":[{"id":8186,"href":"https:\/\/cafecommessias.com.br\/index.php?rest_route=\/wp\/v2\/posts\/8184\/revisions\/8186"}],"wp:featuredmedia":[{"embeddable":true,"href":"https:\/\/cafecommessias.com.br\/index.php?rest_route=\/wp\/v2\/media\/8185"}],"wp:attachment":[{"href":"https:\/\/cafecommessias.com.br\/index.php?rest_route=%2Fwp%2Fv2%2Fmedia&parent=8184"}],"wp:term":[{"taxonomy":"category","embeddable":true,"href":"https:\/\/cafecommessias.com.br\/index.php?rest_route=%2Fwp%2Fv2%2Fcategories&post=8184"},{"taxonomy":"post_tag","embeddable":true,"href":"https:\/\/cafecommessias.com.br\/index.php?rest_route=%2Fwp%2Fv2%2Ftags&post=8184"}],"curies":[{"name":"wp","href":"https:\/\/api.w.org\/{rel}","templated":true}]}}