{"id":8241,"date":"2026-01-13T06:48:10","date_gmt":"2026-01-13T09:48:10","guid":{"rendered":"https:\/\/cafecommessias.com.br\/?p=8241"},"modified":"2026-01-13T06:48:22","modified_gmt":"2026-01-13T09:48:22","slug":"tribunal-de-conta-do-rn-revisa-entendimento-sobre-acumulo-de-cargos-publicos-com-mandato-de-vereador","status":"publish","type":"post","link":"https:\/\/cafecommessias.com.br\/?p=8241","title":{"rendered":"Tribunal de Conta do RN revisa entendimento sobre ac\u00famulo de cargos p\u00fablicos com mandato de vereador"},"content":{"rendered":"\n<p>O Tribunal de Contas do Estado (TCE-RN) revisou o entendimento anteriormente adotado sobre a possibilidade de acumula\u00e7\u00e3o de cargos p\u00fablicos com o exerc\u00edcio do mandato eletivo de vereador. A decis\u00e3o foi tomada pelo Pleno da Corte ao julgar Procedimento de Revis\u00e3o de Interpreta\u00e7\u00e3o das Consultas n\u00ba 006623\/2013-TC e n\u00ba 001162\/2016-TC.<\/p>\n\n\n\n<p>Com a nova interpreta\u00e7\u00e3o, o TCE-RN reconhece que \u00e9 juridicamente poss\u00edvel a manuten\u00e7\u00e3o de tr\u00eas v\u00ednculos p\u00fablicos, sendo dois cargos, empregos ou fun\u00e7\u00f5es p\u00fablicas constitucionalmente acumul\u00e1veis e o mandato de vereador, desde que n\u00e3o haja percep\u00e7\u00e3o simult\u00e2nea de tr\u00eas remunera\u00e7\u00f5es.<\/p>\n\n\n\n<p>Nessa hip\u00f3tese excepcional, o servidor dever\u00e1 se afastar, sem remunera\u00e7\u00e3o, de um dos cargos p\u00fablicos enquanto durar o exerc\u00edcio concomitante do outro v\u00ednculo com a verean\u00e7a, observada a compatibilidade de hor\u00e1rios.<\/p>\n\n\n\n<p>O Tribunal esclareceu que o mandato eletivo de vereador n\u00e3o se equipara a cargo, emprego ou fun\u00e7\u00e3o p\u00fablica, por possuir natureza tempor\u00e1ria e regime jur\u00eddico pr\u00f3prio, conforme previsto na Constitui\u00e7\u00e3o Federal. A veda\u00e7\u00e3o constitucional, portanto, recai sobre a tr\u00edplice remunera\u00e7\u00e3o, e n\u00e3o sobre a exist\u00eancia de tr\u00eas v\u00ednculos.<\/p>\n\n\n\n<p>A revis\u00e3o do entendimento foi motivada pela superveni\u00eancia de decis\u00f5es judiciais, especialmente do Tribunal de Justi\u00e7a do Rio Grande do Norte, al\u00e9m de posicionamentos de outros Tribunais de Contas, que passaram a admitir a acumula\u00e7\u00e3o de v\u00ednculos, desde que respeitados os limites constitucionais.<\/p>\n\n\n\n<p>A decis\u00e3o promove a atualiza\u00e7\u00e3o do entendimento da Corte, alinhando-o \u00e0 jurisprud\u00eancia predominante e refor\u00e7ando a seguran\u00e7a jur\u00eddica na aplica\u00e7\u00e3o das normas constitucionais relativas \u00e0 acumula\u00e7\u00e3o de v\u00ednculos no servi\u00e7o p\u00fablico.<\/p>\n\n\n\n<p>Na tese firmada pelo Pleno, o TCE-RN definiu que:<\/p>\n\n\n\n<ul class=\"wp-block-list\">\n<li>o mandato de vereador n\u00e3o se confunde com cargo, emprego ou fun\u00e7\u00e3o p\u00fablica;<\/li>\n\n\n\n<li>\u00e9 vedado o recebimento de tr\u00eas remunera\u00e7\u00f5es no exerc\u00edcio simult\u00e2neo de dois cargos p\u00fablicos e da verean\u00e7a;<\/li>\n\n\n\n<li>comprovada a compatibilidade de hor\u00e1rios, \u00e9 permitida a acumula\u00e7\u00e3o remunerada de um cargo p\u00fablico com o mandato eletivo, sendo obrigat\u00f3rio o afastamento sem remunera\u00e7\u00e3o do outro v\u00ednculo acumul\u00e1vel.<\/li>\n<\/ul>\n\n\n\n<p><strong>Fonte:&nbsp;<a href=\"https:\/\/www.tce.rn.gov.br\/Noticias\/NoticiaDetalhada\/7805#gsc.tab=0\">TCE RN<\/a><\/strong><\/p>\n","protected":false},"excerpt":{"rendered":"<p>O Tribunal de Contas do Estado (TCE-RN) revisou o entendimento anteriormente adotado sobre a possibilidade de acumula\u00e7\u00e3o de cargos p\u00fablicos com o exerc\u00edcio do mandato eletivo de vereador. A decis\u00e3o foi tomada pelo Pleno da Corte ao julgar Procedimento de Revis\u00e3o de Interpreta\u00e7\u00e3o das Consultas n\u00ba 006623\/2013-TC e n\u00ba 001162\/2016-TC. Com a nova interpreta\u00e7\u00e3o, o&#8230;<\/p>\n","protected":false},"author":1,"featured_media":8242,"comment_status":"open","ping_status":"closed","sticky":false,"template":"","format":"standard","meta":{"footnotes":""},"categories":[3],"tags":[],"class_list":["post-8241","post","type-post","status-publish","format-standard","has-post-thumbnail","hentry","category-geral"],"_links":{"self":[{"href":"https:\/\/cafecommessias.com.br\/index.php?rest_route=\/wp\/v2\/posts\/8241","targetHints":{"allow":["GET"]}}],"collection":[{"href":"https:\/\/cafecommessias.com.br\/index.php?rest_route=\/wp\/v2\/posts"}],"about":[{"href":"https:\/\/cafecommessias.com.br\/index.php?rest_route=\/wp\/v2\/types\/post"}],"author":[{"embeddable":true,"href":"https:\/\/cafecommessias.com.br\/index.php?rest_route=\/wp\/v2\/users\/1"}],"replies":[{"embeddable":true,"href":"https:\/\/cafecommessias.com.br\/index.php?rest_route=%2Fwp%2Fv2%2Fcomments&post=8241"}],"version-history":[{"count":1,"href":"https:\/\/cafecommessias.com.br\/index.php?rest_route=\/wp\/v2\/posts\/8241\/revisions"}],"predecessor-version":[{"id":8243,"href":"https:\/\/cafecommessias.com.br\/index.php?rest_route=\/wp\/v2\/posts\/8241\/revisions\/8243"}],"wp:featuredmedia":[{"embeddable":true,"href":"https:\/\/cafecommessias.com.br\/index.php?rest_route=\/wp\/v2\/media\/8242"}],"wp:attachment":[{"href":"https:\/\/cafecommessias.com.br\/index.php?rest_route=%2Fwp%2Fv2%2Fmedia&parent=8241"}],"wp:term":[{"taxonomy":"category","embeddable":true,"href":"https:\/\/cafecommessias.com.br\/index.php?rest_route=%2Fwp%2Fv2%2Fcategories&post=8241"},{"taxonomy":"post_tag","embeddable":true,"href":"https:\/\/cafecommessias.com.br\/index.php?rest_route=%2Fwp%2Fv2%2Ftags&post=8241"}],"curies":[{"name":"wp","href":"https:\/\/api.w.org\/{rel}","templated":true}]}}