{"id":8244,"date":"2026-01-13T06:50:12","date_gmt":"2026-01-13T09:50:12","guid":{"rendered":"https:\/\/cafecommessias.com.br\/?p=8244"},"modified":"2026-01-13T06:50:24","modified_gmt":"2026-01-13T09:50:24","slug":"trump-da-ultimato-25-de-tarifa-para-quem-negociar-com-ira","status":"publish","type":"post","link":"https:\/\/cafecommessias.com.br\/?p=8244","title":{"rendered":"Trump d\u00e1 ultimato: 25% de tarifa para quem negociar com Ir\u00e3"},"content":{"rendered":"\n<p>O presidente dos Estados Unidos, Donald Trump, anunciou nesta segunda-feira (12) que vai aplicar tarifa de 25% em todas as transa\u00e7\u00f5es com os EUA para qualquer pa\u00eds que fa\u00e7a neg\u00f3cios com o Ir\u00e3. A medida tem efeito imediato e \u00e9 irrecorr\u00edvel, segundo o pr\u00f3prio Trump.<\/p>\n\n\n\n<p>O an\u00fancio vem em meio a uma onda de protestos no Ir\u00e3, onde a popula\u00e7\u00e3o desafia o regime de Teer\u00e3. Ao mesmo tempo, atos pr\u00f3-governo tentam justificar a repress\u00e3o violenta que j\u00e1 deixou mais de 600 mortos, de acordo com ONGs internacionais, conforme a Ag\u00eancia Brasil.<\/p>\n\n\n\n<p>Trump n\u00e3o esconde a carta militar na manga. Nos \u00faltimos dias, ele repetiu amea\u00e7as de interven\u00e7\u00e3o e afirmou que possui \u201cop\u00e7\u00f5es muito fortes\u201d, incluindo a\u00e7\u00e3o militar, al\u00e9m de manter contato com l\u00edderes da oposi\u00e7\u00e3o iraniana.<\/p>\n\n\n\n<p>A tens\u00e3o chega no momento em que o Ir\u00e3 tenta se manter no mercado internacional, mas enfrenta resist\u00eancia dos EUA. Com a tarifa de Trump, pa\u00edses aliados aos americanos ter\u00e3o que escolher entre lucro ou alinhamento estrat\u00e9gico, e o recado \u00e9 claro: negociar com Teer\u00e3 vai custar caro<\/p>\n","protected":false},"excerpt":{"rendered":"<p>O presidente dos Estados Unidos, Donald Trump, anunciou nesta segunda-feira (12) que vai aplicar tarifa de 25% em todas as transa\u00e7\u00f5es com os EUA para qualquer pa\u00eds que fa\u00e7a neg\u00f3cios com o Ir\u00e3. A medida tem efeito imediato e \u00e9 irrecorr\u00edvel, segundo o pr\u00f3prio Trump. O an\u00fancio vem em meio a uma onda de protestos&#8230;<\/p>\n","protected":false},"author":1,"featured_media":8245,"comment_status":"open","ping_status":"closed","sticky":false,"template":"","format":"standard","meta":{"footnotes":""},"categories":[2],"tags":[],"class_list":["post-8244","post","type-post","status-publish","format-standard","has-post-thumbnail","hentry","category-internacional"],"_links":{"self":[{"href":"https:\/\/cafecommessias.com.br\/index.php?rest_route=\/wp\/v2\/posts\/8244","targetHints":{"allow":["GET"]}}],"collection":[{"href":"https:\/\/cafecommessias.com.br\/index.php?rest_route=\/wp\/v2\/posts"}],"about":[{"href":"https:\/\/cafecommessias.com.br\/index.php?rest_route=\/wp\/v2\/types\/post"}],"author":[{"embeddable":true,"href":"https:\/\/cafecommessias.com.br\/index.php?rest_route=\/wp\/v2\/users\/1"}],"replies":[{"embeddable":true,"href":"https:\/\/cafecommessias.com.br\/index.php?rest_route=%2Fwp%2Fv2%2Fcomments&post=8244"}],"version-history":[{"count":1,"href":"https:\/\/cafecommessias.com.br\/index.php?rest_route=\/wp\/v2\/posts\/8244\/revisions"}],"predecessor-version":[{"id":8246,"href":"https:\/\/cafecommessias.com.br\/index.php?rest_route=\/wp\/v2\/posts\/8244\/revisions\/8246"}],"wp:featuredmedia":[{"embeddable":true,"href":"https:\/\/cafecommessias.com.br\/index.php?rest_route=\/wp\/v2\/media\/8245"}],"wp:attachment":[{"href":"https:\/\/cafecommessias.com.br\/index.php?rest_route=%2Fwp%2Fv2%2Fmedia&parent=8244"}],"wp:term":[{"taxonomy":"category","embeddable":true,"href":"https:\/\/cafecommessias.com.br\/index.php?rest_route=%2Fwp%2Fv2%2Fcategories&post=8244"},{"taxonomy":"post_tag","embeddable":true,"href":"https:\/\/cafecommessias.com.br\/index.php?rest_route=%2Fwp%2Fv2%2Ftags&post=8244"}],"curies":[{"name":"wp","href":"https:\/\/api.w.org\/{rel}","templated":true}]}}